{"id":533,"date":"2009-09-25T15:46:54","date_gmt":"2009-09-25T15:46:54","guid":{"rendered":"https:\/\/equilibreazur.fr\/azur\/non-classe\/arret-des-cours-a-auribeau"},"modified":"2013-10-12T15:21:49","modified_gmt":"2013-10-12T15:21:49","slug":"arret-des-cours-a-auribeau","status":"publish","type":"post","link":"https:\/\/equilibreazur.fr\/azur\/news\/arret-des-cours-a-auribeau\/","title":{"rendered":"Arr\u00eat des cours \u00e0 Auribeau"},"content":{"rendered":"<p><img loading=\"lazy\" decoding=\"async\" style=\"margin-right: 10px; float: left;\" alt=\"aikidojoazur\" src=\"https:\/\/equilibreazur.fr\/azur\/images\/stories\/blog\/aikidojoazur.jpg\" width=\"56\" height=\"56\" \/>Aiki Dojo Azur suspend les cours \u00e0 Auribeau.<\/p>\n<p>Afin de mieux r\u00e9pondre \u00e0 l&rsquo;attente des adh\u00e9rents de l&rsquo;association, les cours sont concentr\u00e9s sur Chateauneuf de Grasse et Sophia Antipolis.<\/p>\n<p>Voir <a title=\"Les cours d&#039;Aikido\" href=\"https:\/\/equilibreazur.fr\/azur\/cours-aikido-horaires\/\">les cours dispens\u00e9s<\/a>.<\/p>\n","protected":false},"excerpt":{"rendered":"<p>Aiki Dojo Azur suspend les cours \u00e0 Auribeau. Afin de mieux r\u00e9pondre \u00e0 l&rsquo;attente des adh\u00e9rents de l&rsquo;association, les cours sont concentr\u00e9s sur Chateauneuf de Grasse et Sophia Antipolis. Voir les cours dispens\u00e9s.<\/p>\n","protected":false},"author":2,"featured_media":0,"comment_status":"open","ping_status":"open","sticky":false,"template":"","format":"standard","meta":{"_acf_changed":false,"_seopress_robots_primary_cat":"","_seopress_titles_title":"","_seopress_titles_desc":"","_seopress_robots_index":"","generate_page_header":"","footnotes":""},"categories":[142],"tags":[],"class_list":["post-533","post","type-post","status-publish","format-standard","hentry","category-news","infinite-scroll-item","masonry-post","generate-columns","tablet-grid-50","mobile-grid-100","grid-parent","grid-50"],"acf":[],"_links":{"self":[{"href":"https:\/\/equilibreazur.fr\/azur\/wp-json\/wp\/v2\/posts\/533","targetHints":{"allow":["GET"]}}],"collection":[{"href":"https:\/\/equilibreazur.fr\/azur\/wp-json\/wp\/v2\/posts"}],"about":[{"href":"https:\/\/equilibreazur.fr\/azur\/wp-json\/wp\/v2\/types\/post"}],"author":[{"embeddable":true,"href":"https:\/\/equilibreazur.fr\/azur\/wp-json\/wp\/v2\/users\/2"}],"replies":[{"embeddable":true,"href":"https:\/\/equilibreazur.fr\/azur\/wp-json\/wp\/v2\/comments?post=533"}],"version-history":[{"count":2,"href":"https:\/\/equilibreazur.fr\/azur\/wp-json\/wp\/v2\/posts\/533\/revisions"}],"predecessor-version":[{"id":5087,"href":"https:\/\/equilibreazur.fr\/azur\/wp-json\/wp\/v2\/posts\/533\/revisions\/5087"}],"wp:attachment":[{"href":"https:\/\/equilibreazur.fr\/azur\/wp-json\/wp\/v2\/media?parent=533"}],"wp:term":[{"taxonomy":"category","embeddable":true,"href":"https:\/\/equilibreazur.fr\/azur\/wp-json\/wp\/v2\/categories?post=533"},{"taxonomy":"post_tag","embeddable":true,"href":"https:\/\/equilibreazur.fr\/azur\/wp-json\/wp\/v2\/tags?post=533"}],"curies":[{"name":"wp","href":"https:\/\/api.w.org\/{rel}","templated":true}]}}