{"id":530,"date":"2009-09-08T20:16:00","date_gmt":"2009-09-08T20:16:00","guid":{"rendered":"https:\/\/equilibreazur.fr\/azur\/non-classe\/opio-fete-du-sport-dimanche-13-septembre-2009"},"modified":"2014-02-20T09:02:05","modified_gmt":"2014-02-20T09:02:05","slug":"opio-fete-du-sport-dimanche-13-septembre-2009","status":"publish","type":"post","link":"https:\/\/equilibreazur.fr\/azur\/news\/opio-fete-du-sport-dimanche-13-septembre-2009\/","title":{"rendered":"Opio: F\u00eate du Sport dimanche 13 septembre 2009"},"content":{"rendered":"<p><img loading=\"lazy\" decoding=\"async\" style=\"margin-right: 10px; float: left;\" alt=\"calli\" src=\"https:\/\/equilibreazur.fr\/azur\/images\/stories\/blog\/calli.gif\" height=\"56\" width=\"56\" \/><\/p>\n<p>Organis\u00e9 par les Associations du village et la Mairie d&rsquo;Opio \u00e0 l\u2019<strong>Espace de Loisirs<\/strong> ce <strong>dimanche 13 septembre<\/strong>.<\/p>\n<p><strong>Activit\u00e9s de Loisir et sportives <\/strong>tout au long de la journ\u00e9e en famille ou entre amis \u00e0 pratiquer en \u00e9quipe ou individuellement.<\/p>\n<p><strong>Entr\u00e9e gratuite<\/strong>.<br \/>Inscription \u00e0 partir de 09h15 voir programme&#8230;<\/p>\n<p><!--more--><\/p>\n<table border=\"0\" cellpadding=\"0\" cellspacing=\"0\">\n<tbody>\n<tr style=\"background-color: #cdd0d4;\">\n<td style=\"width: 210px;\" valign=\"top\"><strong>Heure<\/strong><\/td>\n<td style=\"width: 210px;\" valign=\"top\"><strong>Activit\u00e9s<\/strong><\/td>\n<td style=\"width: 210px;\" valign=\"top\"><strong>Descriptif<\/strong><\/td>\n<\/tr>\n<tr>\n<td style=\"width: 210px;\" valign=\"top\">08h30 &#8211; 09h30<\/td>\n<td style=\"width: 210px;\" valign=\"top\">Accueil<br \/>Installation<\/td>\n<td style=\"width: 210px;\" valign=\"top\">Associations<\/td>\n<\/tr>\n<tr>\n<td style=\"width: 210px;\" valign=\"top\">09h00 &#8211; 09h30<\/td>\n<td style=\"width: 210px;\" valign=\"top\">Accueil<br \/>Inscription<\/td>\n<td style=\"width: 210px;\" valign=\"top\">Visiteurs<\/td>\n<\/tr>\n<tr>\n<td style=\"width: 210px;\" valign=\"top\">09h45<\/td>\n<td style=\"width: 210px;\" valign=\"top\"><strong>Cross<\/strong><\/td>\n<td style=\"width: 210px;\" valign=\"top\">Adultes 3,7KmEnfants -12ans 1,7Km<\/td>\n<\/tr>\n<tr>\n<td style=\"width: 210px;\" valign=\"top\">10h30 &#8211; 16h30<\/td>\n<td style=\"width: 210px;\" valign=\"top\"><strong>Foot<\/strong><\/td>\n<td style=\"width: 210px;\" valign=\"top\">Equipes arrang\u00e9es de 5Adultes puis enfants<\/td>\n<\/tr>\n<tr>\n<td style=\"width: 210px;\" valign=\"top\">11h00 &#8211; 16h30<\/td>\n<td style=\"width: 210px;\" valign=\"top\"><strong>Handball<\/strong><\/td>\n<td style=\"width: 210px;\" valign=\"top\">Equipes arrang\u00e9es de 5Enfants puis adultes<\/td>\n<\/tr>\n<tr>\n<td style=\"width: 210px;\" valign=\"top\">11h00 &#8211; 16h30<\/td>\n<td style=\"width: 210px;\" valign=\"top\"><strong>Tennis de table<\/strong><\/td>\n<td style=\"width: 210px;\" valign=\"top\">Acc\u00e8s libre<\/td>\n<\/tr>\n<tr>\n<td style=\"width: 210px;\" valign=\"top\">10h30 &#8211; 16h30<\/td>\n<td style=\"width: 210px;\" valign=\"top\"><strong>Jeu d\u2019\u00e9chec<\/strong><\/td>\n<td style=\"width: 210px;\" valign=\"top\">Acc\u00e8s libre<\/td>\n<\/tr>\n<tr>\n<td style=\"width: 210px;\" valign=\"top\">10h00 &#8211; 16h00<\/td>\n<td style=\"width: 210px;\" valign=\"top\"><strong>Jeux de Hollande<\/strong><\/td>\n<td style=\"width: 210px;\" valign=\"top\">Pour les enfants de 3 \u00e0 15 ans<\/td>\n<\/tr>\n<tr>\n<td style=\"width: 210px;\" valign=\"top\">11h00 &#8211; 12h30<\/td>\n<td style=\"width: 210px;\" valign=\"top\"><strong>VTT<\/strong><br \/>Casque obligatoire<\/td>\n<td style=\"width: 210px;\" valign=\"top\">AdultesEnfants<\/td>\n<\/tr>\n<tr>\n<td style=\"width: 210px;\" valign=\"top\">10h30 &#8211; 12h30<\/td>\n<td style=\"width: 210px;\" valign=\"top\"><strong>Tir \u00e0 la corde<\/strong><\/td>\n<td style=\"width: 210px;\" valign=\"top\">Equipes arrang\u00e9es de 6Enfants puis adultes<\/td>\n<\/tr>\n<tr>\n<td style=\"width: 210px;\" valign=\"top\">10h30 &#8211; 12h30<\/td>\n<td style=\"width: 210px;\" valign=\"top\"><strong>Course \u00e0 sac<\/strong><\/td>\n<td style=\"width: 210px;\" valign=\"top\">Enfants<\/td>\n<\/tr>\n<tr>\n<td style=\"width: 210px;\" valign=\"top\">12h30 &#8211; 13h30<\/td>\n<td style=\"width: 210px;\" valign=\"top\">Temps libre repas<\/td>\n<td style=\"width: 210px;\" valign=\"top\">Vente restauration sal\u00e9 sucr\u00e9 et boissons fraiches sur place<\/td>\n<\/tr>\n<tr>\n<td style=\"width: 210px;\" valign=\"top\">14h00 &#8211; 17h00<\/td>\n<td style=\"width: 210px;\" valign=\"top\"><strong>P\u00e9tanque<\/strong><\/td>\n<td style=\"width: 210px;\" valign=\"top\">Triplette mixte<\/td>\n<\/tr>\n<tr>\n<td style=\"width: 210px;\" valign=\"top\">14h00 &#8211; 16h00<\/td>\n<td style=\"width: 210px;\" valign=\"top\"><strong>Saut \u00e0 la corde<\/strong><\/td>\n<td style=\"width: 210px;\" valign=\"top\">Seule ou en groupe<\/td>\n<\/tr>\n<tr>\n<td style=\"width: 210px;\" valign=\"top\">14h00 &#8211; 16h00<\/td>\n<td style=\"width: 210px;\" valign=\"top\"><strong>Echasses en chantant<\/strong><\/td>\n<td style=\"width: 210px;\" valign=\"top\">Concours<\/td>\n<\/tr>\n<tr>\n<td style=\"width: 210px;\" valign=\"top\">13h30 &#8211; 16h30<\/td>\n<td style=\"width: 210px;\" valign=\"top\"><strong>Initiation golf<\/strong><\/td>\n<td style=\"width: 210px;\" valign=\"top\"><\/td>\n<\/tr>\n<tr>\n<td style=\"width: 210px;\" valign=\"top\">A d\u00e9finir<\/td>\n<td style=\"width: 210px;\" valign=\"top\"><strong>Initiation Qi gong<\/strong><\/td>\n<td style=\"width: 210px;\" valign=\"top\"><\/td>\n<\/tr>\n<tr>\n<td style=\"width: 210px;\" valign=\"top\">10h00 &#8211; 11h00<\/td>\n<td style=\"width: 210px;\" valign=\"top\"><strong>Initiation <\/strong><strong>Pilates et Lia<\/strong><\/td>\n<td style=\"width: 210px;\" valign=\"top\"><\/td>\n<\/tr>\n<tr>\n<td style=\"width: 210px;\" valign=\"top\">16h30 &#8211; 17h00<\/td>\n<td style=\"width: 210px;\" valign=\"top\"><strong>D\u00e9mo percussion<\/strong><\/td>\n<td style=\"width: 210px;\" valign=\"top\">A confirmer<\/td>\n<\/tr>\n<tr>\n<td style=\"width: 210px;\" valign=\"top\">17h15 &#8211; 17h30<\/td>\n<td style=\"width: 210px;\" valign=\"top\"><strong>Spectacle de danse<\/strong><\/td>\n<td style=\"width: 210px;\" valign=\"top\"><\/td>\n<\/tr>\n<tr>\n<td style=\"width: 210px;\" valign=\"top\">17h30<\/td>\n<td style=\"width: 210px;\" valign=\"top\">C\u00e9r\u00e9monie  de cl\u00f4ture<\/td>\n<td style=\"width: 210px;\" valign=\"top\">Remise des prix  et Verre de  l\u2019amiti\u00e9<\/td>\n<\/tr>\n<\/tbody>\n<\/table>\n<p>Apportez votre pique-nique ou achetez sur place votre repas et vos boissons fra\u00eeches.<\/p>\n<p>Renseignement: 04 93 77  23 18<\/p>\n","protected":false},"excerpt":{"rendered":"<p>Organis\u00e9 par les Associations du village et la Mairie d&rsquo;Opio \u00e0 l\u2019Espace de Loisirs ce dimanche 13 septembre. Activit\u00e9s de Loisir et sportives tout au long de la journ\u00e9e en famille ou entre amis \u00e0 pratiquer en \u00e9quipe ou individuellement. &#8230; <a title=\"Opio: F\u00eate du Sport dimanche 13 septembre 2009\" class=\"read-more\" href=\"https:\/\/equilibreazur.fr\/azur\/news\/opio-fete-du-sport-dimanche-13-septembre-2009\/\" aria-label=\"En savoir plus sur Opio: F\u00eate du Sport dimanche 13 septembre 2009\">Voir plus&#8230;<\/a><\/p>\n","protected":false},"author":2,"featured_media":0,"comment_status":"open","ping_status":"open","sticky":false,"template":"","format":"standard","meta":{"_acf_changed":false,"_seopress_robots_primary_cat":"","_seopress_titles_title":"","_seopress_titles_desc":"","_seopress_robots_index":"","generate_page_header":"","footnotes":""},"categories":[142],"tags":[49,213],"class_list":["post-530","post","type-post","status-publish","format-standard","hentry","category-news","tag-forum-association-sport","tag-qi-gong","infinite-scroll-item","masonry-post","generate-columns","tablet-grid-50","mobile-grid-100","grid-parent","grid-50"],"acf":[],"_links":{"self":[{"href":"https:\/\/equilibreazur.fr\/azur\/wp-json\/wp\/v2\/posts\/530","targetHints":{"allow":["GET"]}}],"collection":[{"href":"https:\/\/equilibreazur.fr\/azur\/wp-json\/wp\/v2\/posts"}],"about":[{"href":"https:\/\/equilibreazur.fr\/azur\/wp-json\/wp\/v2\/types\/post"}],"author":[{"embeddable":true,"href":"https:\/\/equilibreazur.fr\/azur\/wp-json\/wp\/v2\/users\/2"}],"replies":[{"embeddable":true,"href":"https:\/\/equilibreazur.fr\/azur\/wp-json\/wp\/v2\/comments?post=530"}],"version-history":[{"count":1,"href":"https:\/\/equilibreazur.fr\/azur\/wp-json\/wp\/v2\/posts\/530\/revisions"}],"predecessor-version":[{"id":5240,"href":"https:\/\/equilibreazur.fr\/azur\/wp-json\/wp\/v2\/posts\/530\/revisions\/5240"}],"wp:attachment":[{"href":"https:\/\/equilibreazur.fr\/azur\/wp-json\/wp\/v2\/media?parent=530"}],"wp:term":[{"taxonomy":"category","embeddable":true,"href":"https:\/\/equilibreazur.fr\/azur\/wp-json\/wp\/v2\/categories?post=530"},{"taxonomy":"post_tag","embeddable":true,"href":"https:\/\/equilibreazur.fr\/azur\/wp-json\/wp\/v2\/tags?post=530"}],"curies":[{"name":"wp","href":"https:\/\/api.w.org\/{rel}","templated":true}]}}