{"id":5285,"date":"2014-05-02T16:36:09","date_gmt":"2014-05-02T16:36:09","guid":{"rendered":"https:\/\/equilibreazur.fr\/azur\/?p=5285"},"modified":"2014-08-30T14:43:15","modified_gmt":"2014-08-30T14:43:15","slug":"2014-nicolas-joliot-aikido-seminar","status":"publish","type":"post","link":"https:\/\/equilibreazur.fr\/azur\/stages-calendrier\/2014-nicolas-joliot-aikido-seminar\/","title":{"rendered":"06\/2014&nbsp;: Stage d&rsquo;arme avec Nicolas Joliot Grasse\/Nice"},"content":{"rendered":"<p style=\"text-align: center;\">\n<p style=\"text-align: center;\"><strong>1et Stage&nbsp;\u00ab\u00a0Bukiwaza\u00a0\u00bb<br \/>\nChateauneuf de Grasse \/ Nice (French Riviera)<br \/>\n<\/strong>dirig\u00e9 par\u00a0<strong>Nicolas Joliot &#8211; 4th Dan<\/strong><\/p>\n<p style=\"text-align: center;\">le\u00a0<strong>VENDREDI 13\u00a0JUIN<\/strong>\u00a02014<br \/>\n(<span style=\"color: #3366ff;\">Coll\u00e8ge<\/span> de Chateauneuf de Grasse)<br \/>\net\u00a0<strong>SAMEDI 14 JUIN<\/strong>\u00a02014<strong><br \/>\n<\/strong>(Plein-air Notre du Brusc \/ Grasse)<\/p>\n<hr style=\"height: 1px; width: 100%;\" size=\"1\" width=\"80%\" \/>\n<table class=\"aligncenter\" style=\"width: 100%;\" border=\"0\" align=\"center\">\n<tbody>\n<tr>\n<td><em><img loading=\"lazy\" decoding=\"async\" class=\"alignleft\" title=\"ENGLISH\" src=\"https:\/\/equilibreazur.fr\/azur\/images\/flag\/en.png\" alt=\"\" width=\"32\" height=\"32\" \/>GRASSE is located in south-east of FRANCE in the<strong> French Riviera (C\u00f4te d\u2019Azur &#8211; Nice \/ Monaco)<\/strong>, at 40mn from Nice C\u00f4te d\u2019Azur airport (which is the second airport in France, with a hourly connection to PARIS with Air-France).<\/em><br \/>\n<em>Since\u00a0the keiko are on friday and saturday morning, you really could enjoy the sunny area&#8230;<br \/>\n<\/em><br \/>\n<em>If you are coming by train or by plane, <strong>we will take care of you<\/strong>.<\/em>\u00a0<strong><em>No need to worry about transportation or hosting&#8230;<\/em><\/strong><br \/>\n<em>Its is not possible to sleep on the mats, at the dojo.<\/em><br \/>\n<em>If you would like to be hosted in a trainee\u2019s home, we will be pleased to do so.<\/em><br \/>\n<em>Please, let us know asap by email (english spoken).<\/em><br \/>\n<em>&#8230; please contact us asap.<\/em><\/td>\n<\/tr>\n<\/tbody>\n<\/table>\n<hr style=\"height: 1px; width: 100%;\" size=\"1\" width=\"80%\" \/>\n<p><span style=\"text-align: left;\">Pour la toute premi\u00e8re fois, j&rsquo;ai l&rsquo;honneur, au nom d&rsquo;<\/span><a style=\"text-align: left;\" title=\"Aiki Dojo\" href=\"https:\/\/equilibreazur.fr\/azur\/\">Aiki Dojo Azur<\/a>, d&rsquo;inviter mon ami Nicolas JOLIOT \u00e0\u00a0diriger\u00a0<span style=\"text-align: left;\">un stage d&rsquo;Armes de l&rsquo;Aikido&nbsp;\u00ab\u00a0Bukiwaza\u00a0\u00bb, les Vendredi 13 et Samedi 14 juin 2014, \u00e0 <\/span><strong style=\"text-align: left;\">Chateauneuf de Grasse<\/strong><span style=\"text-align: left;\"> (06-Alpes Maritimes).<\/span><\/p>\n<p><span style=\"color: #888888;\"><img loading=\"lazy\" decoding=\"async\" class=\"alignnone size-full wp-image-5287\" src=\"https:\/\/equilibreazur.fr\/azur\/wp-content\/uploads\/2014\/05\/nicolas-joliot.jpg\" alt=\"nicolas-joliot\" width=\"478\" height=\"478\" srcset=\"https:\/\/equilibreazur.fr\/azur\/wp-content\/uploads\/2014\/05\/nicolas-joliot.jpg 478w, https:\/\/equilibreazur.fr\/azur\/wp-content\/uploads\/2014\/05\/nicolas-joliot-200x200.jpg 200w, https:\/\/equilibreazur.fr\/azur\/wp-content\/uploads\/2014\/05\/nicolas-joliot-150x150.jpg 150w, https:\/\/equilibreazur.fr\/azur\/wp-content\/uploads\/2014\/05\/nicolas-joliot-400x400.jpg 400w, https:\/\/equilibreazur.fr\/azur\/wp-content\/uploads\/2014\/05\/nicolas-joliot-370x370.jpg 370w\" sizes=\"auto, (max-width: 478px) 100vw, 478px\" \/><br \/>\n<\/span><span style=\"color: #808080;\">Nicolas JOLIOT\u00a0&#8211;&nbsp;\u00a0Rennes 2012\u00a0&#8211; photo\u00a0Eric Savalli<\/span><\/p>\n<p>El\u00e8ve direct de <a href=\"http:\/\/aikidoblog.net\/fr\/aikido\/hitohiro-saito-sensei\/\" target=\"_blank\">SAITO Hitohira Sensei<\/a> et r\u00e9cemment promu au rang de <strong>4<sup>\u00e8me<\/sup> dan Iwama Shinshin Aikido<\/strong>, Nicolas pratique et enseigne \u00e0 Londres et suit r\u00e9guli\u00e8rement Hitohira Sensei en Europe et au Japon. Nicolas a v\u00e9cu quatre ann\u00e9es au Japon au cours desquelles il a fait de nombreux s\u00e9jours \u00e0 Iwama dans le dojo du fondateur sous la direction de <a href=\"http:\/\/aikidoblog.net\/fr\/aikido\/sensei\/morihiro-saito-sensei\/\" target=\"_blank\">SAITO Morihiro Sensei<\/a> et au Tanrenkan dojo de Hitohira Sensei.<\/p>\n<p>Nicolas est\u00a0r\u00e9guli\u00e8rement l&rsquo;<strong>interpr\u00e8te de SAITO Hitohira Sensei<\/strong> lorsque celui-ci dirige des stages en Europe.<\/p>\n<p>F\u00e9ru de culture japonaise il parle couramment japonais et est passionn\u00e9 de l\u2019art du sabre. Il d\u00e9tient \u00e9galement un <strong>3<sup>\u00e8me<\/sup> dan en Kendo<\/strong> et un <strong>2<sup>\u00e8me<\/sup> dan en Iaido<\/strong> et continue d\u2019\u00e9tudier ces deux arts avec enthousiasme.<\/p>\n<p style=\"text-align: left;\"><strong>Ce stage exceptionnel est ouvert \u00e0 tous les pratiquants d&rsquo;Aikido, y compris les d\u00e9butants.<\/strong><\/p>\n<p><strong>A retenir&#8230;<\/strong><\/p>\n<p style=\"padding-left: 30px;\"><strong>Stage Bukiwaza\u00a0\u00e0 Chateauneuf de Grasse 06-PACA<br \/>\n<\/strong>dirig\u00e9 par <strong>Nicolas JOLIOT<\/strong><\/p>\n<p style=\"padding-left: 30px;\">le <strong>VENDREDI 13\u00a0JUIN<\/strong>\u00a02014<br \/>\n(Coll\u00e8ge de Chateauneuf de Grasse)<br \/>\net <strong>SAMEDI\u00a014 JUIN<\/strong>\u00a02014<strong><br \/>\n<\/strong>(Notre Dame du Brusc &#8211; de Chateauneuf de Grasse)<\/p>\n<p><strong>Programme et Horaire<\/strong><\/p>\n<p style=\"padding-left: 30px;\"><strong>Vendredi 29\/11<\/strong><br \/>\n<span style=\"color: #3366ff;\"><strong>Coll\u00e8ge<\/strong><\/span> Le Rouret (en salle\u00a0\/ indoor)\u00a0Chateauneuf<br \/>\n19:30 \u2013 20:15 &#8211; Aiki-Ken (sabre) #1<br \/>\n20:15 \u2013 20:45 &#8211; Special Keiko &#8211; Buki-dori (3e Kyu et plus) #2<\/p>\n<p style=\"padding-left: 30px;\"><strong>Samedi 30\/11<\/strong><br \/>\nNotre Dame du Brusc (plein-air \/ <em>outdoor<\/em>) &#8211; Chateauneuf<br \/>\n09:30 \u2013 10:30 &#8211;\u00a0Aiki-Jo (sabre) #3<br \/>\n10:30 \u2013 11:30 &#8211;\u00a0Aiki-Jo (b\u00e2ton)&nbsp;\u00a0#4<br \/>\n11:30 \u2013\u00a012:30 &#8211; Ken-tai-Jo (b\u00e2ton contre sabre) #5<strong><br \/>\n<\/strong><\/p>\n<p><strong>H\u00e9bergement<\/strong><\/p>\n<p style=\"padding-left: 30px;\"><strong>Chez l&rsquo;habitant<br \/>\n<\/strong>Il peut \u00eatre possible d&rsquo;\u00eatre h\u00e9berg\u00e9 par des adh\u00e9rents du dojo.<br \/>\nPour cela, veuillez nous envoyer un <a href=\"mailto:azur@aikidojo.fr\" target=\"_blank\">courriel<\/a> au plus vite car les places sont limit\u00e9es.<\/p>\n<p style=\"padding-left: 30px;\"><strong>H\u00f4tel<\/strong><br \/>\nH\u00f4tel Campagnile &#8211; Chateauneuf de Grasse<br \/>\n(pour obtenir une r\u00e9duction du prix, pr\u00e9cisez que vous venez pour ce stage)<br \/>\n<a title=\"H\u00f4tel pour le stage d'aikido\" href=\"http:\/\/www.campanile-grasse-chateauneuf.fr\/fr\/index.aspx\" target=\"_blank\">http:\/\/www.campanile-grasse-chateauneuf.fr\/<\/a><\/p>\n<p style=\"padding-left: 30px;\"><strong>Camping<\/strong><br \/>\nCamping L&rsquo;Or\u00e9e d&rsquo;Azur<br \/>\n<a title=\"Camping pour le stage d'Aikido\" href=\"http:\/\/www.camping-loreedazur.fr\" target=\"_blank\">http:\/\/www.camping-loreedazur.fr<\/a><\/p>\n<p><strong>Participation<\/strong><\/p>\n<p style=\"padding-left: 30px;\">Les frais de participation \u00e0 ce stage sont de:<br \/>\n&#8211;\u00a0<b>40\u20ac <\/b>pour le<b> stage complet,<br \/>\n&#8211; 20\u20ac <\/b>pour le<b> vendredi soir,<br \/>\n&#8211; 30 \u20ac <\/b>pour le<b> samedi matin.<\/b><\/p>\n<div><strong>T\u00e9l\u00e9charger l&rsquo;affiche&#8230;<\/strong><\/div>\n<p style=\"padding-left: 30px;\"><a href=\"https:\/\/equilibreazur.fr\/azur\/wp-content\/uploads\/2014\/05\/2014-06-Bukiwaza-seminar-Joliot.pdf\"><img loading=\"lazy\" decoding=\"async\" class=\"alignnone size-full wp-image-5289\" src=\"https:\/\/equilibreazur.fr\/azur\/wp-content\/uploads\/2014\/05\/2014-06-Bukiwaza-seminar-Joliot-flyer.jpg\" alt=\"2014-06-Bukiwaza-seminar-Joliot-flyer\" width=\"150\" height=\"106\" \/><br \/>\n2014-06-Bukiwaza-seminar-Joliot<\/a><\/p>\n<p><strong>Lieu du stage&#8230;<\/strong><\/p>\n<div title=\"Page 2\">\n<p style=\"padding-left: 30px;\">GRASSE est situ\u00e9e au Sud Est de la FRANCE dans la r\u00e9gion Provence\u2013Alpes C\u00f4te d\u2019Azur (PACA) et \u00e0 40mn de l\u2019a\u00e9roport de Nice C\u00f4te d\u2019Azur (2eme a\u00e9roport de France, Navette NICE\/PARIS toutes les heures avec Air-France).<\/p>\n<p style=\"padding-left: 30px;\"><img loading=\"lazy\" decoding=\"async\" class=\"size-full wp-image-4446 alignnone\" title=\"pic\" src=\"https:\/\/equilibreazur.fr\/azur\/wp-content\/uploads\/2012\/09\/pic.jpg\" alt=\"French Riviera\" width=\"449\" height=\"312\" srcset=\"https:\/\/equilibreazur.fr\/azur\/wp-content\/uploads\/2012\/09\/pic.jpg 449w, https:\/\/equilibreazur.fr\/azur\/wp-content\/uploads\/2012\/09\/pic-150x104.jpg 150w, https:\/\/equilibreazur.fr\/azur\/wp-content\/uploads\/2012\/09\/pic-400x277.jpg 400w, https:\/\/equilibreazur.fr\/azur\/wp-content\/uploads\/2012\/09\/pic-370x257.jpg 370w\" sizes=\"auto, (max-width: 449px) 100vw, 449px\" \/><br \/>\n<span style=\"color: #888888;\">Photo: Manfred Steinbach\/shutterstock<\/span><\/p>\n<\/div>\n<p style=\"padding-left: 30px;\"><strong>VENDREDI &#8211;&gt;\u00a0Coll\u00e8ge de Le ROURET \/ CHATEAUNEUF\u00a0de GRASSE<\/strong><\/p>\n<p style=\"padding-left: 30px;\">Le vendredi, ce stage aura lieu \u00e0 la salle du Gymnase du Coll\u00e8ge de Chateauneuf de Grasse \/ Le Rouret.<br \/>\nCette salle porte le nom&nbsp;\u00ab\u00a0Salle du Bois de Saint Jeaume\u00a0\u00bb.<br \/>\nLe gymnase en situ\u00e9 en face du coll\u00e8ge, il est quelque peu cach\u00e9 par les arbres mais tr\u00e8s facile \u00e0 trouver.<br \/>\nLes installations sont comme neuves, avec vestiaires et douches. Un parking permet de garer les voitures.<\/p>\n<p style=\"padding-left: 30px;\"><a title=\"Aikido Au Rouret\" href=\"http:\/\/tinyurl.com\/aikido-lerouret\" target=\"_blank\">Localiser<\/a>\u00a0la salle du gymnase\u00a0avec GoogleMaps (La salle se situe chemin de Barnarac)\u00a0:<small><br \/>\n<a href=\"http:\/\/tinyurl.com\/aikido-lerouret\" target=\"_blank\"><img loading=\"lazy\" decoding=\"async\" title=\"Salle-Bois-de-Saint-Jeaume-gymnase-aikido\" src=\"http:\/\/aikidoblog.net\/wp-content\/uploads\/Salle-Bois-de-Saint-Jeaume-gymnase-aikido-150x150.png\" alt=\"Salle du Bois-de-Saint-Jeaume Gymnase Aikido\" width=\"150\" height=\"150\" \/><br \/>\n<\/a><\/small><\/p>\n<p style=\"padding-left: 30px;\"><strong>SAMEDI &#8211;&gt; Notre Dame du Brusc\u00a0&#8211;\u00a0CHATEAUNEUF\u00a0de GRASSE<\/strong><\/p>\n<p style=\"padding-left: 30px;\">Le Samedi, le stage aura lieu en plein-air, parmi les oliviers.<br \/>\nPr\u00e9voir des <strong>chaussures de sport<\/strong> pour une pratique des armes en ext\u00e9rieur, sous les oliviers, si le temps le permet.<\/p>\n<p style=\"padding-left: 30px;\"><a href=\"https:\/\/mapsengine.google.com\/map\/edit?mid=z88ZSxIt-y98.km8FYudqLqyo\" target=\"_blank\">Localiser<\/a> le terrain de pratique \u00e0 l&rsquo;aide de Google Map<br \/>\n<img loading=\"lazy\" decoding=\"async\" class=\"alignnone size-full wp-image-5291\" src=\"https:\/\/equilibreazur.fr\/azur\/wp-content\/uploads\/2014\/05\/notre-dame-du-brusc.jpg\" alt=\"notre-dame-du-brusc\" width=\"150\" height=\"150\" \/><\/p>\n<p><strong>Plus d&rsquo;information&#8230;<\/strong><\/p>\n<p style=\"padding-left: 30px;\">Attention, <strong>ces informations peuvent \u00e9voluer<\/strong>&nbsp;!<br \/>\nMerci de revenir consulter cette page, ou mieux, de vous inscrire \u00e0 notre lettre d&rsquo;information\u00a0:<\/p>\n<p style=\"padding-left: 30px; text-align: center;\">[wysija_form id=1]\n<p style=\"padding-left: 30px;\">Pr\u00e9voir des <strong>chaussures de sport en cas de pratique \u00e0 l&rsquo;ext\u00e9rieur<\/strong>&#8230; ce sera le cas <strong>si le soleil est au rendez-vous le samedi<\/strong>.<br \/>\nNotez le num\u00e9ro de l&rsquo;organisateur \u00e0 cet effet&#8230;\u00a0+33 (0)6 60 42 26 32<\/p>\n<p style=\"padding-left: 30px;\"><a href=\"mailto:azur@aikidojo.fr\" target=\"_blank\">azur@aikidojo.fr<\/a><br \/>\nAiki Dojo Azur<br \/>\n+33 (0)6 60 42 26 32<\/p>\n<p><strong>\u00a0Album photos&nbsp;: Nicolas Joliot<\/strong><\/p>\n<div id='gallery-1' class='gallery galleryid-5285 gallery-columns-3 gallery-size-thumbnail'><figure class='gallery-item'>\n\t\t\t<div class='gallery-icon landscape'>\n\t\t\t\t<a href='https:\/\/equilibreazur.fr\/azur\/stages-calendrier\/2014-nicolas-joliot-aikido-seminar\/attachment\/iwama-japan-2\/#main'><img loading=\"lazy\" decoding=\"async\" width=\"200\" height=\"200\" src=\"https:\/\/equilibreazur.fr\/azur\/wp-content\/uploads\/2014\/05\/2001-10-iwama-aikidojo-nicolas-joliot-200x200.jpg\" class=\"attachment-thumbnail size-thumbnail\" alt=\"10\/2001 - Nicolas Joliot \u00e0 l&#039;Aiki Dojo d&#039;Iwama (photo: Eric Savalli)\" aria-describedby=\"gallery-1-5294\" \/><\/a>\n\t\t\t<\/div>\n\t\t\t\t<figcaption class='wp-caption-text gallery-caption' id='gallery-1-5294'>\n\t\t\t\tNicolas Joliot \u00e0 l&rsquo;Aiki Dojo d&rsquo;Iwama &#8211; 10\/2001\n\t\t\t\t<\/figcaption><\/figure><figure class='gallery-item'>\n\t\t\t<div class='gallery-icon landscape'>\n\t\t\t\t<a href='https:\/\/equilibreazur.fr\/azur\/stages-calendrier\/2014-nicolas-joliot-aikido-seminar\/attachment\/iwama-2001-iwama-japan\/#main'><img loading=\"lazy\" decoding=\"async\" width=\"200\" height=\"200\" src=\"https:\/\/equilibreazur.fr\/azur\/wp-content\/uploads\/2014\/05\/2001-10-iwama-200x200.jpg\" class=\"attachment-thumbnail size-thumbnail\" alt=\"\" \/><\/a>\n\t\t\t<\/div><\/figure><figure class='gallery-item'>\n\t\t\t<div class='gallery-icon landscape'>\n\t\t\t\t<a href='https:\/\/equilibreazur.fr\/azur\/stages-calendrier\/2014-nicolas-joliot-aikido-seminar\/attachment\/auray-2005\/#main'><img loading=\"lazy\" decoding=\"async\" width=\"200\" height=\"200\" src=\"https:\/\/equilibreazur.fr\/azur\/wp-content\/uploads\/2014\/05\/2005-08-auray-joliot-200x200.jpg\" class=\"attachment-thumbnail size-thumbnail\" alt=\"\" \/><\/a>\n\t\t\t<\/div><\/figure><figure class='gallery-item'>\n\t\t\t<div class='gallery-icon landscape'>\n\t\t\t\t<a href='https:\/\/equilibreazur.fr\/azur\/stages-calendrier\/2014-nicolas-joliot-aikido-seminar\/attachment\/seminar-hitohiro-saito-sensei-dento-iwama-ryu-portugal-2008-2\/#main'><img loading=\"lazy\" decoding=\"async\" width=\"200\" height=\"200\" src=\"https:\/\/equilibreazur.fr\/azur\/wp-content\/uploads\/2014\/05\/2008-portugal-nicolas-joliot-200x200.jpg\" class=\"attachment-thumbnail size-thumbnail\" alt=\"\" aria-describedby=\"gallery-1-5297\" \/><\/a>\n\t\t\t<\/div>\n\t\t\t\t<figcaption class='wp-caption-text gallery-caption' id='gallery-1-5297'>\n\t\t\t\tStage au Portugal en 2008\n\t\t\t\t<\/figcaption><\/figure><figure class='gallery-item'>\n\t\t\t<div class='gallery-icon landscape'>\n\t\t\t\t<a href='https:\/\/equilibreazur.fr\/azur\/stages-calendrier\/2014-nicolas-joliot-aikido-seminar\/attachment\/2010-05-turino-2\/#main'><img loading=\"lazy\" decoding=\"async\" width=\"200\" height=\"200\" src=\"https:\/\/equilibreazur.fr\/azur\/wp-content\/uploads\/2014\/05\/2010-05-turino-2-200x200.jpg\" class=\"attachment-thumbnail size-thumbnail\" alt=\"\" \/><\/a>\n\t\t\t<\/div><\/figure><figure class='gallery-item'>\n\t\t\t<div class='gallery-icon landscape'>\n\t\t\t\t<a href='https:\/\/equilibreazur.fr\/azur\/stages-calendrier\/2014-nicolas-joliot-aikido-seminar\/attachment\/2010-05-turino-3\/#main'><img loading=\"lazy\" decoding=\"async\" width=\"200\" height=\"200\" src=\"https:\/\/equilibreazur.fr\/azur\/wp-content\/uploads\/2014\/05\/2010-05-turino-3-200x200.jpg\" class=\"attachment-thumbnail size-thumbnail\" alt=\"\" \/><\/a>\n\t\t\t<\/div><\/figure><figure class='gallery-item'>\n\t\t\t<div class='gallery-icon landscape'>\n\t\t\t\t<a href='https:\/\/equilibreazur.fr\/azur\/stages-calendrier\/2014-nicolas-joliot-aikido-seminar\/attachment\/2010-05-turino-sensei-nicolas-joliot\/#main'><img loading=\"lazy\" decoding=\"async\" width=\"200\" height=\"200\" src=\"https:\/\/equilibreazur.fr\/azur\/wp-content\/uploads\/2014\/05\/2010-05-turino-sensei-nicolas-joliot-200x200.jpg\" class=\"attachment-thumbnail size-thumbnail\" alt=\"\" \/><\/a>\n\t\t\t<\/div><\/figure><figure class='gallery-item'>\n\t\t\t<div class='gallery-icon landscape'>\n\t\t\t\t<a href='https:\/\/equilibreazur.fr\/azur\/stages-calendrier\/2014-nicolas-joliot-aikido-seminar\/attachment\/2010-05-turino\/#main'><img loading=\"lazy\" decoding=\"async\" width=\"200\" height=\"200\" src=\"https:\/\/equilibreazur.fr\/azur\/wp-content\/uploads\/2014\/05\/2010-05-turino-200x200.jpg\" class=\"attachment-thumbnail size-thumbnail\" alt=\"Stefano Di Carlo &amp; Nicolas Joliot - 5e Ken no awase\" aria-describedby=\"gallery-1-5301\" \/><\/a>\n\t\t\t<\/div>\n\t\t\t\t<figcaption class='wp-caption-text gallery-caption' id='gallery-1-5301'>\n\t\t\t\tStefano Di Carlo &#038;  Nicolas Joliot\n\t\t\t\t<\/figcaption><\/figure><figure class='gallery-item'>\n\t\t\t<div class='gallery-icon landscape'>\n\t\t\t\t<a href='https:\/\/equilibreazur.fr\/azur\/stages-calendrier\/2014-nicolas-joliot-aikido-seminar\/attachment\/sacile-podernoneitaliaseminar-saito-hitohira-soke\/#main'><img loading=\"lazy\" decoding=\"async\" width=\"200\" height=\"200\" src=\"https:\/\/equilibreazur.fr\/azur\/wp-content\/uploads\/2014\/05\/2012-06-italy-sacile-200x200.jpg\" class=\"attachment-thumbnail size-thumbnail\" alt=\"\" \/><\/a>\n\t\t\t<\/div><\/figure><figure class='gallery-item'>\n\t\t\t<div class='gallery-icon landscape'>\n\t\t\t\t<a href='https:\/\/equilibreazur.fr\/azur\/stages-calendrier\/2014-nicolas-joliot-aikido-seminar\/attachment\/saito-hitohira-sensei-in-rennes-2012\/#main'><img loading=\"lazy\" decoding=\"async\" width=\"200\" height=\"200\" src=\"https:\/\/equilibreazur.fr\/azur\/wp-content\/uploads\/2014\/05\/2012-11-rennes-2-200x200.jpg\" class=\"attachment-thumbnail size-thumbnail\" alt=\"\" \/><\/a>\n\t\t\t<\/div><\/figure><figure class='gallery-item'>\n\t\t\t<div class='gallery-icon landscape'>\n\t\t\t\t<a href='https:\/\/equilibreazur.fr\/azur\/stages-calendrier\/2014-nicolas-joliot-aikido-seminar\/attachment\/saito-hitohira-sensei-in-rennes-2012-2\/#main'><img loading=\"lazy\" decoding=\"async\" width=\"200\" height=\"200\" src=\"https:\/\/equilibreazur.fr\/azur\/wp-content\/uploads\/2014\/05\/2012-11-rennes-joliot-200x200.jpg\" class=\"attachment-thumbnail size-thumbnail\" alt=\"\" \/><\/a>\n\t\t\t<\/div><\/figure><figure class='gallery-item'>\n\t\t\t<div class='gallery-icon landscape'>\n\t\t\t\t<a href='https:\/\/equilibreazur.fr\/azur\/stages-calendrier\/2014-nicolas-joliot-aikido-seminar\/attachment\/saito-hitohira-sensei-in-rennes-2012-3\/#main'><img loading=\"lazy\" decoding=\"async\" width=\"200\" height=\"200\" src=\"https:\/\/equilibreazur.fr\/azur\/wp-content\/uploads\/2014\/05\/2012-11-rennes-200x200.jpg\" class=\"attachment-thumbnail size-thumbnail\" alt=\"\" \/><\/a>\n\t\t\t<\/div><\/figure><figure class='gallery-item'>\n\t\t\t<div class='gallery-icon landscape'>\n\t\t\t\t<a href='https:\/\/equilibreazur.fr\/azur\/stages-calendrier\/2014-nicolas-joliot-aikido-seminar\/attachment\/seminar-in-stuttgart-with-saito-hitohira-sensei-062013\/#main'><img loading=\"lazy\" decoding=\"async\" width=\"200\" height=\"200\" src=\"https:\/\/equilibreazur.fr\/azur\/wp-content\/uploads\/2014\/05\/2013-06-gift-200x200.jpg\" class=\"attachment-thumbnail size-thumbnail\" alt=\"\" \/><\/a>\n\t\t\t<\/div><\/figure><figure class='gallery-item'>\n\t\t\t<div class='gallery-icon landscape'>\n\t\t\t\t<a href='https:\/\/equilibreazur.fr\/azur\/stages-calendrier\/2014-nicolas-joliot-aikido-seminar\/attachment\/seminar-in-stuttgart-with-saito-hitohira-sensei-062013-2\/#main'><img loading=\"lazy\" decoding=\"async\" width=\"200\" height=\"200\" src=\"https:\/\/equilibreazur.fr\/azur\/wp-content\/uploads\/2014\/05\/2013-06-stuttgart-200x200.jpg\" class=\"attachment-thumbnail size-thumbnail\" alt=\"\" \/><\/a>\n\t\t\t<\/div><\/figure><figure class='gallery-item'>\n\t\t\t<div class='gallery-icon landscape'>\n\t\t\t\t<a href='https:\/\/equilibreazur.fr\/azur\/stages-calendrier\/2014-nicolas-joliot-aikido-seminar\/attachment\/seminar-with-saito-hitohira-sensei-sevilla-spain-15-16-17112013\/#main'><img loading=\"lazy\" decoding=\"async\" width=\"200\" height=\"200\" src=\"https:\/\/equilibreazur.fr\/azur\/wp-content\/uploads\/2014\/05\/2013-11-sevilla-italy-200x200.jpg\" class=\"attachment-thumbnail size-thumbnail\" alt=\"\" \/><\/a>\n\t\t\t<\/div><\/figure>\n\t\t<\/div>\n\n","protected":false},"excerpt":{"rendered":"<p>1er stage \u00ab\u00a0Bukiwaza\u00a0\u00bb en r\u00e9gion PACA avec Nicolas JOLIOT et organis\u00e9 par Eric SAVALLI &#8211; Aiki Dojo Azur. Juin 2014. Nicolas est \u00e9l\u00e8ve direct de SAITO Hitohira Sensei et r\u00e9cemment promu au rang de 4\u00e8me dan Iwama Shinshin Aikido.<\/p>\n","protected":false},"author":2,"featured_media":5287,"comment_status":"open","ping_status":"open","sticky":false,"template":"","format":"standard","meta":{"_acf_changed":false,"_seopress_robots_primary_cat":"","_seopress_titles_title":"","_seopress_titles_desc":"Stage annuel avec Daniel TOUTAIN Sensei et organis\u00e9 par Eric SAVALLI (le Samedi \u00e0 Cheateauneuf) et Jean-Luc BOISSEAU (le Dimanche \u00e0 Draguignan). Octobre 2011.","_seopress_robots_index":"","generate_page_header":"","footnotes":""},"categories":[197],"tags":[248,236,95,204],"class_list":["post-5285","post","type-post","status-publish","format-standard","has-post-thumbnail","hentry","category-stages-calendrier","tag-aikido","tag-n-joliot","tag-nice-grasse","tag-stage","infinite-scroll-item","masonry-post","generate-columns","tablet-grid-50","mobile-grid-100","grid-parent","grid-50"],"acf":[],"_links":{"self":[{"href":"https:\/\/equilibreazur.fr\/azur\/wp-json\/wp\/v2\/posts\/5285","targetHints":{"allow":["GET"]}}],"collection":[{"href":"https:\/\/equilibreazur.fr\/azur\/wp-json\/wp\/v2\/posts"}],"about":[{"href":"https:\/\/equilibreazur.fr\/azur\/wp-json\/wp\/v2\/types\/post"}],"author":[{"embeddable":true,"href":"https:\/\/equilibreazur.fr\/azur\/wp-json\/wp\/v2\/users\/2"}],"replies":[{"embeddable":true,"href":"https:\/\/equilibreazur.fr\/azur\/wp-json\/wp\/v2\/comments?post=5285"}],"version-history":[{"count":5,"href":"https:\/\/equilibreazur.fr\/azur\/wp-json\/wp\/v2\/posts\/5285\/revisions"}],"predecessor-version":[{"id":5313,"href":"https:\/\/equilibreazur.fr\/azur\/wp-json\/wp\/v2\/posts\/5285\/revisions\/5313"}],"wp:featuredmedia":[{"embeddable":true,"href":"https:\/\/equilibreazur.fr\/azur\/wp-json\/wp\/v2\/media\/5287"}],"wp:attachment":[{"href":"https:\/\/equilibreazur.fr\/azur\/wp-json\/wp\/v2\/media?parent=5285"}],"wp:term":[{"taxonomy":"category","embeddable":true,"href":"https:\/\/equilibreazur.fr\/azur\/wp-json\/wp\/v2\/categories?post=5285"},{"taxonomy":"post_tag","embeddable":true,"href":"https:\/\/equilibreazur.fr\/azur\/wp-json\/wp\/v2\/tags?post=5285"}],"curies":[{"name":"wp","href":"https:\/\/api.w.org\/{rel}","templated":true}]}}