{"id":528,"date":"2009-08-29T17:57:38","date_gmt":"2009-08-29T17:57:38","guid":{"rendered":"https:\/\/equilibreazur.fr\/azur\/non-classe\/forum-des-associations-2009-a-le-bar-sloup"},"modified":"2009-08-29T17:57:38","modified_gmt":"2009-08-29T17:57:38","slug":"forum-des-associations-2009-a-le-bar-sloup","status":"publish","type":"post","link":"https:\/\/equilibreazur.fr\/azur\/news\/forum-des-associations-2009-a-le-bar-sloup\/","title":{"rendered":"Forum des associations 2009 \u00e0 Le Bar s\/Loup"},"content":{"rendered":"<p><img loading=\"lazy\" decoding=\"async\" style=\"margin-right: 10px; float: left;\" alt=\"calli\" src=\"https:\/\/equilibreazur.fr\/azur\/images\/stories\/blog\/calli.gif\" width=\"56\" height=\"56\" \/><\/p>\n<p>Le forum des associations a lieu cette ann\u00e9e \u00e0 Le Bar s\/Loup le 6 septembre, 1er dimanche du mois.<\/p>\n<p><!--more--><\/p>\n<p>Aiki Dojo Azu sera pr\u00e9sent et aura un stand. N&rsquo;h\u00e9sitez pas \u00e0 passer nous voir, pour discuter et poser vos questions.<\/p>\n<p><img loading=\"lazy\" decoding=\"async\" alt=\"080907 Forum des Associations \u00e0 Chateauneuf\" src=\"https:\/\/equilibreazur.fr\/azur\/images\/stories\/articles\/news\/080907_forum_aikido_chateauneuf2.jpg\" width=\"478\" height=\"269\" \/><\/p>\n<p>Nous ferons probablement une petite d\u00e9monstration.<\/p>\n<p><img loading=\"lazy\" decoding=\"async\" alt=\"D\u00e9monstration Aikido 080907 Forum des Associations \u00e0 Chateauneuf\" src=\"https:\/\/equilibreazur.fr\/azur\/images\/stories\/articles\/news\/080907_forum_aikido_chateauneuf.jpg\" width=\"478\" height=\"269\" \/><\/p>\n<p>Nos confr\u00e8res du club d&rsquo;Aikido de Le bar s\/Loup seront l\u00e0 aussi.<\/p>\n<p>\u00a0<\/p>\n","protected":false},"excerpt":{"rendered":"<p>Le forum des associations a lieu cette ann\u00e9e \u00e0 Le Bar s\/Loup le 6 septembre, 1er dimanche du mois.<\/p>\n","protected":false},"author":2,"featured_media":0,"comment_status":"open","ping_status":"open","sticky":false,"template":"","format":"standard","meta":{"_acf_changed":false,"_seopress_robots_primary_cat":"","_seopress_titles_title":"","_seopress_titles_desc":"","_seopress_robots_index":"","generate_page_header":"","footnotes":""},"categories":[142],"tags":[49],"class_list":["post-528","post","type-post","status-publish","format-standard","hentry","category-news","tag-forum-association-sport","infinite-scroll-item","masonry-post","generate-columns","tablet-grid-50","mobile-grid-100","grid-parent","grid-50"],"acf":[],"_links":{"self":[{"href":"https:\/\/equilibreazur.fr\/azur\/wp-json\/wp\/v2\/posts\/528","targetHints":{"allow":["GET"]}}],"collection":[{"href":"https:\/\/equilibreazur.fr\/azur\/wp-json\/wp\/v2\/posts"}],"about":[{"href":"https:\/\/equilibreazur.fr\/azur\/wp-json\/wp\/v2\/types\/post"}],"author":[{"embeddable":true,"href":"https:\/\/equilibreazur.fr\/azur\/wp-json\/wp\/v2\/users\/2"}],"replies":[{"embeddable":true,"href":"https:\/\/equilibreazur.fr\/azur\/wp-json\/wp\/v2\/comments?post=528"}],"version-history":[{"count":0,"href":"https:\/\/equilibreazur.fr\/azur\/wp-json\/wp\/v2\/posts\/528\/revisions"}],"wp:attachment":[{"href":"https:\/\/equilibreazur.fr\/azur\/wp-json\/wp\/v2\/media?parent=528"}],"wp:term":[{"taxonomy":"category","embeddable":true,"href":"https:\/\/equilibreazur.fr\/azur\/wp-json\/wp\/v2\/categories?post=528"},{"taxonomy":"post_tag","embeddable":true,"href":"https:\/\/equilibreazur.fr\/azur\/wp-json\/wp\/v2\/tags?post=528"}],"curies":[{"name":"wp","href":"https:\/\/api.w.org\/{rel}","templated":true}]}}