{"id":527,"date":"2009-08-24T19:29:44","date_gmt":"2009-08-24T19:29:44","guid":{"rendered":"https:\/\/equilibreazur.fr\/azur\/non-classe\/cest-la-rentree-2009-2010"},"modified":"2013-10-12T15:21:55","modified_gmt":"2013-10-12T15:21:55","slug":"cest-la-rentree-2009-2010","status":"publish","type":"post","link":"https:\/\/equilibreazur.fr\/azur\/news\/cest-la-rentree-2009-2010\/","title":{"rendered":"C&rsquo;est la rentr\u00e9e 2009\/2010\u00a0!"},"content":{"rendered":"<p><img loading=\"lazy\" decoding=\"async\" style=\"margin-right: 10px; float: left;\" src=\"https:\/\/equilibreazur.fr\/azur\/images\/stories\/blog\/aikidojoazur.jpg\" alt=\"aikidojoazur\" width=\"56\" height=\"56\" \/><\/p>\n<p>C&rsquo;est la rentr\u00e9e 2009 \/ 2010 et les cours viennent de d\u00e9buter&amp;nbsp&nbsp;!<\/p>\n<p>Voici les dates \/ horaires et tarifs&#8230;<\/p>\n<p><!--more--><\/p>\n<p>Les cours reprennent de la fa\u00e7on suivante:<\/p>\n<p style=\"padding-left: 30px;\">&#8211; Sophia-Antipolis: <strong>Mardi 1er Sept<\/strong>. (12h30)<br \/>\n&#8211; Chateauneuf: <strong>Jeudi 3\u00a0Sept<\/strong>. (18h30)<br \/>\n&#8211; Auribeau: <strong>Mardi 15\u00a0Sept<\/strong>. (19h30)Le cours du Jeudi midi en ext\u00e9rieur passe au Mardi midi.<\/p>\n<p>Les cours sont ouverts aux Enfants \u00e0 <strong>partir de 10 ans <\/strong>(r\u00e9volus ou obtenus durant la saison).<\/p>\n<p>Des cours&nbsp;\u00ab\u00a0intensifs\u00a0\u00bb pour les \u00e9l\u00e8ves les plus avanc\u00e9s font leur apparition les jeudis soirs \u00e0 Chateauneuf. Ces cours permettront de travailler les formes fluides, les techniques contre plusieurs adversaires (ninin dori, sannin dori&#8230;), le travail libre contre une ou plusieurs personnes (ju-waza), les contre-prises (kachi waza), et bien s\u00fbr se pr\u00e9parer aux passages de gardes.<\/p>\n<p>Les <a title=\"Horaire des cours\" href=\"https:\/\/equilibreazur.fr\/azur\/cours-aikido-horaires\/\">nouveaux horaires <\/a>pour 2009\/2010.<\/p>\n<p>Les <a title=\"Tarifs des cours\" href=\"https:\/\/equilibreazur.fr\/azur\/inscription\/\">nouveaux tarifs<\/a> pour 2009\/2010.<\/p>\n<p><img loading=\"lazy\" decoding=\"async\" src=\"https:\/\/equilibreazur.fr\/azur\/images\/stories\/articles\/news\/011000-aiki-jinja.jpg\" alt=\"aiki-jinja-japan\" width=\"478\" height=\"269\" \/><\/p>\n<p>A bient\u00f4t&nbsp;!<\/p>\n","protected":false},"excerpt":{"rendered":"<p>C&rsquo;est la rentr\u00e9e 2009 \/ 2010 et les cours viennent de d\u00e9buter&amp;nbsp&nbsp;! Voici les dates \/ horaires et tarifs&#8230;<\/p>\n","protected":false},"author":2,"featured_media":0,"comment_status":"open","ping_status":"open","sticky":false,"template":"","format":"standard","meta":{"_acf_changed":false,"_seopress_robots_primary_cat":"","_seopress_titles_title":"","_seopress_titles_desc":"","_seopress_robots_index":"","generate_page_header":"","footnotes":""},"categories":[142],"tags":[],"class_list":["post-527","post","type-post","status-publish","format-standard","hentry","category-news","infinite-scroll-item","masonry-post","generate-columns","tablet-grid-50","mobile-grid-100","grid-parent","grid-50"],"acf":[],"_links":{"self":[{"href":"https:\/\/equilibreazur.fr\/azur\/wp-json\/wp\/v2\/posts\/527","targetHints":{"allow":["GET"]}}],"collection":[{"href":"https:\/\/equilibreazur.fr\/azur\/wp-json\/wp\/v2\/posts"}],"about":[{"href":"https:\/\/equilibreazur.fr\/azur\/wp-json\/wp\/v2\/types\/post"}],"author":[{"embeddable":true,"href":"https:\/\/equilibreazur.fr\/azur\/wp-json\/wp\/v2\/users\/2"}],"replies":[{"embeddable":true,"href":"https:\/\/equilibreazur.fr\/azur\/wp-json\/wp\/v2\/comments?post=527"}],"version-history":[{"count":4,"href":"https:\/\/equilibreazur.fr\/azur\/wp-json\/wp\/v2\/posts\/527\/revisions"}],"predecessor-version":[{"id":5094,"href":"https:\/\/equilibreazur.fr\/azur\/wp-json\/wp\/v2\/posts\/527\/revisions\/5094"}],"wp:attachment":[{"href":"https:\/\/equilibreazur.fr\/azur\/wp-json\/wp\/v2\/media?parent=527"}],"wp:term":[{"taxonomy":"category","embeddable":true,"href":"https:\/\/equilibreazur.fr\/azur\/wp-json\/wp\/v2\/categories?post=527"},{"taxonomy":"post_tag","embeddable":true,"href":"https:\/\/equilibreazur.fr\/azur\/wp-json\/wp\/v2\/tags?post=527"}],"curies":[{"name":"wp","href":"https:\/\/api.w.org\/{rel}","templated":true}]}}