{"id":526,"date":"2009-07-23T12:20:08","date_gmt":"2009-07-23T12:20:08","guid":{"rendered":"https:\/\/equilibreazur.fr\/azur\/non-classe\/horaires-et-tarifs-pour-la-saison-20092010"},"modified":"2013-10-12T15:21:55","modified_gmt":"2013-10-12T15:21:55","slug":"horaires-et-tarifs-pour-la-saison-20092010","status":"publish","type":"post","link":"https:\/\/equilibreazur.fr\/azur\/news\/horaires-et-tarifs-pour-la-saison-20092010\/","title":{"rendered":"Horaires et tarifs pour la saison 2009 \/ 2010"},"content":{"rendered":"<p><img loading=\"lazy\" decoding=\"async\" style=\"margin-right: 10px; float: left;\" alt=\"aikidojoazur\" src=\"https:\/\/equilibreazur.fr\/azur\/images\/stories\/blog\/aikidojoazur.jpg\" height=\"56\" width=\"56\" \/><\/p>\n<p>Les nouveaux horaires et tarifs pour la saison 2009 \/ 2010 sont en ligne.<\/p>\n<p>Les cours sont ouverts aux Enfants \u00e0 <strong>partir de 10 ans <\/strong>(r\u00e9volus ou obtenus durant la saison)<\/p>\n<p><!--more--><br \/>\nLe cours en ext\u00e9rieur qui avait lieu le Jeudi passe au Mardi midi.<\/p>\n<p>Des cours&nbsp;\u00ab\u00a0intensifs\u00a0\u00bb pour les \u00e9l\u00e8ves les plus avanc\u00e9s font leur apparition les Jeudis soirs \u00e0 Chateauneuf. Ces cours permettront de travailler les formes fuides, les techniques contre plusieurs adversaires (ninin dori, sannin dori&#8230;), le travail libre contre une ou plusieurs personnes (ju-waza), les contre-prises (kachi waza), et bien s\u00fbr se pr\u00e9parer aux passages de gardes.<\/p>\n<p>Les <a title=\"Horaire des cours\" href=\"https:\/\/equilibreazur.fr\/azur\/cours-aikido-horaires\/\">nouveaux horaires <\/a>pour 2009\/2010.<\/p>\n<p>Les <a title=\"Tarifs des cours\" href=\"https:\/\/equilibreazur.fr\/azur\/inscription\/\">nouveaux tarifs<\/a> pour 2009\/2010.<\/p>\n<p>Bonnes vacances et bons stages d&rsquo;\u00e9t\u00e9&nbsp;!<\/p>\n","protected":false},"excerpt":{"rendered":"<p>Les nouveaux horaires et tarifs pour la saison 2009 \/ 2010 sont en ligne. Les cours sont ouverts aux Enfants \u00e0 partir de 10 ans (r\u00e9volus ou obtenus durant la saison)<\/p>\n","protected":false},"author":2,"featured_media":0,"comment_status":"open","ping_status":"open","sticky":false,"template":"","format":"standard","meta":{"_acf_changed":false,"_seopress_robots_primary_cat":"","_seopress_titles_title":"","_seopress_titles_desc":"","_seopress_robots_index":"","generate_page_header":"","footnotes":""},"categories":[142],"tags":[],"class_list":["post-526","post","type-post","status-publish","format-standard","hentry","category-news","infinite-scroll-item","masonry-post","generate-columns","tablet-grid-50","mobile-grid-100","grid-parent","grid-50"],"acf":[],"_links":{"self":[{"href":"https:\/\/equilibreazur.fr\/azur\/wp-json\/wp\/v2\/posts\/526","targetHints":{"allow":["GET"]}}],"collection":[{"href":"https:\/\/equilibreazur.fr\/azur\/wp-json\/wp\/v2\/posts"}],"about":[{"href":"https:\/\/equilibreazur.fr\/azur\/wp-json\/wp\/v2\/types\/post"}],"author":[{"embeddable":true,"href":"https:\/\/equilibreazur.fr\/azur\/wp-json\/wp\/v2\/users\/2"}],"replies":[{"embeddable":true,"href":"https:\/\/equilibreazur.fr\/azur\/wp-json\/wp\/v2\/comments?post=526"}],"version-history":[{"count":4,"href":"https:\/\/equilibreazur.fr\/azur\/wp-json\/wp\/v2\/posts\/526\/revisions"}],"predecessor-version":[{"id":5093,"href":"https:\/\/equilibreazur.fr\/azur\/wp-json\/wp\/v2\/posts\/526\/revisions\/5093"}],"wp:attachment":[{"href":"https:\/\/equilibreazur.fr\/azur\/wp-json\/wp\/v2\/media?parent=526"}],"wp:term":[{"taxonomy":"category","embeddable":true,"href":"https:\/\/equilibreazur.fr\/azur\/wp-json\/wp\/v2\/categories?post=526"},{"taxonomy":"post_tag","embeddable":true,"href":"https:\/\/equilibreazur.fr\/azur\/wp-json\/wp\/v2\/tags?post=526"}],"curies":[{"name":"wp","href":"https:\/\/api.w.org\/{rel}","templated":true}]}}