{"id":5072,"date":"2013-10-12T14:47:19","date_gmt":"2013-10-12T14:47:19","guid":{"rendered":"https:\/\/equilibreazur.fr\/azur\/?p=5072"},"modified":"2014-08-30T14:17:14","modified_gmt":"2014-08-30T14:17:14","slug":"2013-octobre-stage-aikido","status":"publish","type":"post","link":"https:\/\/equilibreazur.fr\/azur\/stages-calendrier\/2013-octobre-stage-aikido\/","title":{"rendered":"2013 &#8211; Octobre \u2013 Stage Aikido"},"content":{"rendered":"<p>Entrainements mensuels\u00a0d&rsquo;Aikido pour tous niveaux dirig\u00e9s par <strong>Eric SAVALLI, 5e Dan Iwama Ryu,<\/strong> \u00e9l\u00e8ve de <strong>Daniel TOUTAIN Sensei depuis 1988<\/strong> et de <strong>SAITO Hitohira Sensei depuis 1993<\/strong>.\u00a0<a title=\"Enseignant Aikido\" href=\"https:\/\/equilibreazur.fr\/azur\/dojocho\">Plus d&rsquo;infos<\/a>\u00a0sur son parcours&#8230;<\/p>\n<p><img loading=\"lazy\" decoding=\"async\" class=\"alignnone size-medium wp-image-5117\" src=\"https:\/\/equilibreazur.fr\/azur\/wp-content\/uploads\/2013\/10\/2013-02-09-KoshukaiAiacciu-\u00a9StefBravin-478x339.jpg\" alt=\"Stage Aikido - Ajaccio 02\/2013\" width=\"478\" height=\"339\" \/><br \/>\n<span style=\"color: #808080;\">Photo de stage &#8211; <a title=\"E. Savalli sous Twitter\" href=\"http:\/\/twitter.com\/ericsavalli\">@EricSavalli<\/a> avec Yoan Chatelain &#8211; photo\u00a0\u00a9\u00a02013 Stef.Bravin<\/span><\/p>\n<p><img loading=\"lazy\" decoding=\"async\" class=\"alignnone size-full wp-image-2894\" title=\"2011-stage-aikido-aikidojo\" src=\"http:\/\/aikidoblog.net\/wp-content\/uploads\/2011\/07\/2011-stage-aikido-aikidojo.png\" alt=\"Stage Aikido\" width=\"478\" height=\"246\" srcset=\"https:\/\/equilibreazur.fr\/azur\/wp-content\/uploads\/2011\/07\/2011-stage-aikido-aikidojo.png 478w, https:\/\/equilibreazur.fr\/azur\/wp-content\/uploads\/2011\/07\/2011-stage-aikido-aikidojo-370x190.png 370w\" sizes=\"auto, (max-width: 478px) 100vw, 478px\" \/><\/p>\n<p>&nbsp;<\/p>\n<p><strong>DATE<\/strong><\/p>\n<p style=\"padding-left: 30px;\">Dimanche<strong>\u00a027 Octobre 2013<br \/>\n<\/strong><span style=\"color: #ff0000;\">Attention, <strong>passage \u00e0 l&rsquo;heure d&rsquo;hiver<\/strong> (+1h de sommeil) <\/span><\/p>\n<p><strong>PROGRAMME<\/strong><\/p>\n<p style=\"padding-left: 30px;\"><span style=\"color: #888888;\"><strong>09h30<\/strong> \u2013 09h45 <a title=\"M\u00e9ditation\" href=\"http:\/\/aikidoblog.net\/chinkon\/\" target=\"_blank\"><strong>M\u00e9ditation<\/strong><\/a>\u00a0\/\u00a0ChinKon (optionnel)<\/span><br \/>\n<strong>09h45 \u2013 10h45<\/strong>\u00a0<strong>Buki Waza<\/strong> (armes&nbsp;: Ken \/ Jo \/ Tanto)<br \/>\n<strong>10h45 \u2013 11h45<\/strong> <strong>Taijutsu<\/strong>\u00a0(mains nues)<del><span style=\"color: #888888;\"><strong><br \/>\n<\/strong><\/span><\/del><\/p>\n<p style=\"padding-left: 30px;\">Entrainement <strong>pr\u00e9paration Grades Kyu, Shodan et Nidan<\/strong><br \/>\n<strong>14h00 <strong>\u2013<\/strong>\u00a014h45<\/strong>\u00a0Entra\u00eenement 1<br \/>\n<strong>14h45 \u2013\u00a015h30<\/strong>\u00a0Entra\u00eenement 2<br \/>\n<span style=\"color: #888888;\">15h30 Passages de grades (exclusivement en Janvier \/ Avril \/ Juin)<\/span><\/p>\n<p><strong>PARTICIPATION<\/strong><\/p>\n<p style=\"padding-left: 30px;\">Tout ou partie&nbsp;: 10 \u20ac<br \/>\n<span style=\"color: #888888;\">(famille&nbsp;: -50% \u00e0 partir de la deuxi\u00e8me personne) <\/span><\/p>\n<p><strong>LIEU<\/strong><\/p>\n<p style=\"padding-left: 30px;\">Dojo de la <strong>salle Maset<\/strong><br \/>\nCh\u00e2teauneuf de Grasse \/ Region Nice-Grasse (06)<\/p>\n<p style=\"padding-left: 30px;\">Plan avec Google Street&nbsp;: <a href=\"http:\/\/tinyurl.com\/aikido-maset\" target=\"_blank\"><strong>http:\/\/tinyurl.com\/aikido-maset<\/strong><\/a><\/p>\n<p style=\"padding-left: 30px;\"><small><a style=\"color: #0000ff; text-align: left;\" href=\"http:\/\/tinyurl.com\/aikido-maset\" target=\"_blank\"><img loading=\"lazy\" decoding=\"async\" class=\"aligncenter size-full wp-image-796\" title=\"salle-maset-chateauneuf\" src=\"http:\/\/aikidoblog.net\/wp-content\/uploads\/salle-maset-chateauneuf.png\" alt=\"Aikido \u00e0 Grasse - Chateauneuf - Stage mensuel\" width=\"450\" height=\"437\" \/><br \/>\n<\/a><\/small><\/p>\n<p><strong>INFORMATION<\/strong><\/p>\n<p style=\"padding-left: 30px;\">Cours d&rsquo;Aikido r\u00e9guliers (mensuels) donn\u00e9s sous la forme d&rsquo;un stage, ouverts \u00e0 tous les pratiquants d&rsquo;Aikido quelque soit leur \u00e9cole ou f\u00e9d\u00e9ration.<br \/>\nLe stage d\u00e9bute par une petite session de <a title=\"M\u00e9ditation\" href=\"http:\/\/aikidoblog.net\/chinkon\/\" target=\"_blank\"><strong>M\u00e9ditation<\/strong><\/a><strong>\u00a0\u00e0 9h30 pr\u00e9cise<\/strong>.<br \/>\n<strong>Ne pas la perturber <\/strong>si vous n&rsquo;y participez pas.<\/p>\n<p style=\"padding-left: 30px;\">Se munir de chaussures de sport en cas de pratique en plein air.<br \/>\n(entra\u00eenement sous les oliviers en cas de beau temps&nbsp;;o))<\/p>\n<p style=\"padding-left: 30px;\">Des armes (Ken, Jo, Tanto) peuvent \u00eatre pr\u00eat\u00e9es en cas de besoin. Pr\u00e9venir \u00e0 l&rsquo;avance.<\/p>\n<p><strong>CONTACT<\/strong><\/p>\n<p style=\"padding-left: 30px;\"><a href=\"mailto:contact@aiki-dojo.fr\">contact@aiki-dojo.fr<\/a><br \/>\nAiki Dojo Azur<br \/>\n+33 (0)6 60 42 26 32<\/p>\n<p><strong>TELECHARGER L&rsquo;AFFICHE<\/strong><\/p>\n<p style=\"padding-left: 30px;\"><a title=\"Affiche Stage Aikido Iwama Ryu\" href=\"https:\/\/equilibreazur.fr\/azur\/!box\/stage\/2013-2014-koshukai-ADA.pdf\" target=\"_blank\"><img loading=\"lazy\" decoding=\"async\" class=\"alignnone size-full wp-image-2895\" title=\"2011-2012-koshukai-ADA-small250\" src=\"http:\/\/aikidoblog.net\/wp-content\/uploads\/2011\/07\/2011-2012-koshukai-ADA-small250.png\" alt=\"Stage aikido - koshukai\" width=\"250\" height=\"177\" \/><\/a><\/p>\n","protected":false},"excerpt":{"rendered":"<p>Dimanche 27\/10\/2013: Stage mensuel d&rsquo;Aikido en r\u00e9gion de Nice \/ Grasse \/ Valbonne &#8211; C\u00f4t\u00e9 d&rsquo;Azur &#8211; avec Eric Savalli 5e Dan, et session de Qi-Qong avec Laurence Mantelet<\/p>\n","protected":false},"author":2,"featured_media":2894,"comment_status":"open","ping_status":"open","sticky":false,"template":"","format":"standard","meta":{"_acf_changed":false,"_seopress_robots_primary_cat":"","_seopress_titles_title":"","_seopress_titles_desc":"Samedi 05\/05\/2012: Stage mensuel d&#039;Aikido en r\u00e9gion de Nice \/ Grasse \/ Valbonne - C\u00f4t\u00e9 d&#039;Azur avec Eric Savalli 5e Dan.","_seopress_robots_index":"","generate_page_header":"","footnotes":""},"categories":[197],"tags":[248,45,95,204],"class_list":["post-5072","post","type-post","status-publish","format-standard","has-post-thumbnail","hentry","category-stages-calendrier","tag-aikido","tag-e-savalli","tag-nice-grasse","tag-stage","infinite-scroll-item","masonry-post","generate-columns","tablet-grid-50","mobile-grid-100","grid-parent","grid-50"],"acf":[],"_links":{"self":[{"href":"https:\/\/equilibreazur.fr\/azur\/wp-json\/wp\/v2\/posts\/5072","targetHints":{"allow":["GET"]}}],"collection":[{"href":"https:\/\/equilibreazur.fr\/azur\/wp-json\/wp\/v2\/posts"}],"about":[{"href":"https:\/\/equilibreazur.fr\/azur\/wp-json\/wp\/v2\/types\/post"}],"author":[{"embeddable":true,"href":"https:\/\/equilibreazur.fr\/azur\/wp-json\/wp\/v2\/users\/2"}],"replies":[{"embeddable":true,"href":"https:\/\/equilibreazur.fr\/azur\/wp-json\/wp\/v2\/comments?post=5072"}],"version-history":[{"count":5,"href":"https:\/\/equilibreazur.fr\/azur\/wp-json\/wp\/v2\/posts\/5072\/revisions"}],"predecessor-version":[{"id":5283,"href":"https:\/\/equilibreazur.fr\/azur\/wp-json\/wp\/v2\/posts\/5072\/revisions\/5283"}],"wp:featuredmedia":[{"embeddable":true,"href":"https:\/\/equilibreazur.fr\/azur\/wp-json\/wp\/v2\/media\/2894"}],"wp:attachment":[{"href":"https:\/\/equilibreazur.fr\/azur\/wp-json\/wp\/v2\/media?parent=5072"}],"wp:term":[{"taxonomy":"category","embeddable":true,"href":"https:\/\/equilibreazur.fr\/azur\/wp-json\/wp\/v2\/categories?post=5072"},{"taxonomy":"post_tag","embeddable":true,"href":"https:\/\/equilibreazur.fr\/azur\/wp-json\/wp\/v2\/tags?post=5072"}],"curies":[{"name":"wp","href":"https:\/\/api.w.org\/{rel}","templated":true}]}}