{"id":4953,"date":"2013-10-12T10:19:25","date_gmt":"2013-10-12T10:19:25","guid":{"rendered":"https:\/\/equilibreazur.fr\/azur\/?p=4953"},"modified":"2014-08-30T13:48:41","modified_gmt":"2014-08-30T13:48:41","slug":"2013-09-forum-associations","status":"publish","type":"post","link":"https:\/\/equilibreazur.fr\/azur\/news\/2013-09-forum-associations\/","title":{"rendered":"RdV Dim. 08 Septembre 2013 &#8211; forum des associations sportives"},"content":{"rendered":"<div style=\"text-align: center;\"><span style=\"color: #ff0000;\"><\/span><\/div>\n<p style=\"text-align: center;\"><strong>FORUM INTERCOMMUNAL<\/strong><strong> DES<br \/>\nASSOCIATIONS<\/strong>&nbsp;!<\/p>\n<p style=\"text-align: center;\"><span style=\"color: #ff0000;\"><strong>CHATEAUNEUF DE GRASSE (06)<\/strong><\/span><\/p>\n<div style=\"text-align: center;\">Plateau San Bastian<\/div>\n<div style=\"text-align: center;\"><strong>Dimanche 08 septembre 2013<br \/>\nde 10h \u00e0 17h30<\/strong><\/div>\n<div style=\"text-align: center;\"><strong><br \/>\n<\/strong><\/div>\n<div style=\"text-align: center;\">avec la participation des communes du<strong><br \/>\nBar-sur-Loup, Gourdon et Opio<\/strong><\/div>\n<p>La commune du Ch\u00e2teauneuf de Grasse a cette ann\u00e9e le privil\u00e8ge d\u2019organiser le forum intercommunal des associations. Aussi, nous vous invitons \u00e0 nous rejoindre pour partager cette journ\u00e9e festive. De nombreuses animations dont le programme d\u00e9taill\u00e9 <em>(informations \u00e0 venir ici m\u00eame&#8230; prochainement) <\/em>n\u2019est pas encore arr\u00eat\u00e9 seront offertes \u00e0 tous les habitants de nos communes.<\/p>\n<p>AIKI DOJO AZUR sera pr\u00e9sente lors de cette journ\u00e9e et vous convie \u00e0 son stand pour r\u00e9pondre \u00e0 vos questions.<\/p>\n<p><img loading=\"lazy\" decoding=\"async\" src=\"https:\/\/equilibreazur.fr\/azur\/images\/stories\/articles\/news\/080907_forum_aikido_chateauneuf2.jpg\" alt=\"080907_forum_aikido_chateauneuf2\" width=\"478\" height=\"269\" \/><br \/>\n<span style=\"color: #888888;\">Stand r\u00e9alis\u00e9 en 09\/2008 au Forum des Association, ici \u00e0 Opio (06)<\/span><\/p>\n<p>Le forum d\u00e9bute \u00e0 10h, heure de l&rsquo;ouverture au publique,&nbsp;\u00a0les responsables des associations seront pr\u00e9sents avant cette heure pour installer leurs stands.<\/p>\n<p><strong>Une <span style=\"background-color: #ffff99;\">d\u00e9monstration<\/span> d&rsquo;Aikido aura lieu au <span style=\"background-color: #ffff99;\">milieu de l&rsquo;apr\u00e8s-midi, vers 15h30<\/span><\/strong>.<\/p>\n<p><img loading=\"lazy\" decoding=\"async\" class=\"alignnone\" src=\"https:\/\/equilibreazur.fr\/azur\/images\/stories\/articles\/news\/080907_forum_aikido_chateauneuf.jpg\" alt=\"080907_forum_aikido_chateauneuf\" width=\"478\" height=\"270\" \/><br \/>\n<span style=\"color: #888888;\">D\u00e9monstration r\u00e9alis\u00e9e en 08\/2008 au Forum des Associations \u00e0 Opio (06)<\/span><\/p>\n<div>D\u00e9posez votre email sur notre <a>page d&rsquo;accueil<\/a> afin d&rsquo;\u00eatre tenu au courant des informations concernant cette journ\u00e9e \u00e0 ne pas manquer&nbsp;!<\/div>\n<div><\/div>\n<div>Au total, ce sont 11 associations qui feront&nbsp;\u00a0des d\u00e9monstrations&nbsp;!<\/div>\n<div>\n<div title=\"Page 2\">\n<div>\n<p style=\"padding-left: 30px;\">10h00- 10h15 <strong>GV Ch\u00e2teauneuf<\/strong><br \/>\n10h20 -10h35\u00a0<strong>Zumbabonhumeur Bar-Loup<\/strong><br \/>\n10h40 \u2013 10h55\u00a0<strong>Arts martiaux Ch\u00e2teauneuf<\/strong><br \/>\n10h40 \u2013 10h55\u00a0<strong>Temps de Vie Qi-Gong<\/strong><br \/>\n11h20 \u2013 11h35 <strong>Judo Bar \/Loup<\/strong><br \/>\n11h40 \u2013 11h55\u00a0<strong>Wou Wei Bar\/Loup<\/strong><\/p>\n<p style=\"padding-left: 30px;\">14h00 \u2013 14h15\u00a0<strong>Club Azur\u00e9en d&rsquo;Aikido Bar\/Loup<\/strong><br \/>\n14h20 \u2013 14h35\u00a0<strong>ADJA Bar\/Loup<\/strong><br \/>\n<span style=\"background-color: #ffff99;\">15h40 \u2013 15h55\u00a0<strong><span style=\"background-color: #ffff99;\">A\u00efkido AIKI<\/span> DOJO AZUR<\/strong><\/span><br \/>\n15h00 \u2013 15h15\u00a0<strong>ASCO Opio<\/strong><br \/>\n15h20 \u2013 15h35\u00a0<strong>Messugui\u00e9 Ch\u00e2teauneuf<\/strong><\/p>\n<\/div>\n<\/div>\n<\/div>\n<div title=\"Page 1\">\n<p>Outre ces d\u00e9monstrations, des <strong>\u00e9chassiers&nbsp;\u00ab majordomes&nbsp;\u00bb<\/strong> viendront animer la journ\u00e9e. Des jeux g\u00e9ants en bois seront install\u00e9s et g\u00e9r\u00e9s par un animateur.<\/p>\n<p>L\u2019association des parents d\u2019\u00e9l\u00e8ves de Ch\u00e2teauneuf tiendra sur place une buvette et un point petite restauration.<\/p>\n<p>En cas d\u2019intemp\u00e9ries, la manifestation serait h\u00e9las annul\u00e9e mais soyons confiants il fera tr\u00e8s certainement beau ou du moins il ne pleuvra pas&#8230; ou si peu&nbsp;!<\/p>\n<\/div>\n<p><iframe loading=\"lazy\" title=\"2010-09-05 Demo Aiki Dojo Azur\" width=\"1200\" height=\"675\" src=\"https:\/\/www.youtube.com\/embed\/vXSxRQrXRW4?feature=oembed\" frameborder=\"0\" allow=\"accelerometer; autoplay; encrypted-media; gyroscope; picture-in-picture\" allowfullscreen><\/iframe><\/p>\n<p style=\"margin-top: 10px; margin-bottom: 15px;\"><span style=\"color: #888888;\">D\u00e9monstration r\u00e9alis\u00e9e en septembre 2010<br \/>\nlors du forum des associations \u00e0 Chateauneuf (06)<br \/>\npar les \u00e9l\u00e8ves du club.<\/span><\/p>\n<p><iframe loading=\"lazy\" title=\"2011 09 Aiki Dojo Azur -  D\u00e9monstration Aikido Iwama Ryu - Forum des associations Chateauneuf\" width=\"1200\" height=\"675\" src=\"https:\/\/www.youtube.com\/embed\/yPAwR-N69NM?feature=oembed\" frameborder=\"0\" allow=\"accelerometer; autoplay; encrypted-media; gyroscope; picture-in-picture\" allowfullscreen><\/iframe><\/p>\n<p style=\"margin-top: 10px; margin-bottom: 15px;\"><span style=\"color: #888888;\">D\u00e9monstration r\u00e9alis\u00e9e en septembre 2011<\/span><br \/>\n<span style=\"color: #888888;\">lors du forum des association \u00e0 Opio (06)<\/span><br \/>\n<span style=\"color: #888888;\">par l&rsquo;enseignant et les \u00e9l\u00e8ves du club.<\/span><\/p>\n<p style=\"margin-top: 10px; margin-bottom: 15px;\"><a href=\"https:\/\/equilibreazur.fr\/azur\/wp-content\/uploads\/2013\/08\/2013-09-Affiche-Forum.pdf\"><img loading=\"lazy\" decoding=\"async\" src=\"https:\/\/equilibreazur.fr\/azur\/wp-content\/uploads\/2013\/08\/2013-09-Affiche-Forum.png\" alt=\"Sport Le Rouret Chateauneuf\" width=\"497\" height=\"703\" \/><br \/>\n2013-09-Affiche-Forum<\/a><\/p>\n","protected":false},"excerpt":{"rendered":"<p>Cette ann\u00e9e encore, AIKI DOJO AZUR vous donne rendez-vous au Forum intercommunal des Associations qui aura lieu pour cette rentr\u00e9e 2013-2014 \u00e0 Chateauneuf de Grasse le 08 Septembre 2013. Une d\u00e9monstration d&rsquo;AIkido y sera donn\u00e9 en milieu d&rsquo;apr\u00e8s midi.<\/p>\n","protected":false},"author":2,"featured_media":5006,"comment_status":"open","ping_status":"open","sticky":false,"template":"","format":"standard","meta":{"_acf_changed":false,"_seopress_robots_primary_cat":"","_seopress_titles_title":"RdV le 05-Sept 2010 au Forum des Associations - Aiki - Dojo .fr","_seopress_titles_desc":"","_seopress_robots_index":"","generate_page_header":"","footnotes":""},"categories":[142,197],"tags":[49,207,95,213],"class_list":["post-4953","post","type-post","status-publish","format-standard","has-post-thumbnail","hentry","category-news","category-stages-calendrier","tag-forum-association-sport","tag-le-rouret","tag-nice-grasse","tag-qi-gong","infinite-scroll-item","masonry-post","generate-columns","tablet-grid-50","mobile-grid-100","grid-parent","grid-50"],"acf":[],"_links":{"self":[{"href":"https:\/\/equilibreazur.fr\/azur\/wp-json\/wp\/v2\/posts\/4953","targetHints":{"allow":["GET"]}}],"collection":[{"href":"https:\/\/equilibreazur.fr\/azur\/wp-json\/wp\/v2\/posts"}],"about":[{"href":"https:\/\/equilibreazur.fr\/azur\/wp-json\/wp\/v2\/types\/post"}],"author":[{"embeddable":true,"href":"https:\/\/equilibreazur.fr\/azur\/wp-json\/wp\/v2\/users\/2"}],"replies":[{"embeddable":true,"href":"https:\/\/equilibreazur.fr\/azur\/wp-json\/wp\/v2\/comments?post=4953"}],"version-history":[{"count":6,"href":"https:\/\/equilibreazur.fr\/azur\/wp-json\/wp\/v2\/posts\/4953\/revisions"}],"predecessor-version":[{"id":5422,"href":"https:\/\/equilibreazur.fr\/azur\/wp-json\/wp\/v2\/posts\/4953\/revisions\/5422"}],"wp:featuredmedia":[{"embeddable":true,"href":"https:\/\/equilibreazur.fr\/azur\/wp-json\/wp\/v2\/media\/5006"}],"wp:attachment":[{"href":"https:\/\/equilibreazur.fr\/azur\/wp-json\/wp\/v2\/media?parent=4953"}],"wp:term":[{"taxonomy":"category","embeddable":true,"href":"https:\/\/equilibreazur.fr\/azur\/wp-json\/wp\/v2\/categories?post=4953"},{"taxonomy":"post_tag","embeddable":true,"href":"https:\/\/equilibreazur.fr\/azur\/wp-json\/wp\/v2\/tags?post=4953"}],"curies":[{"name":"wp","href":"https:\/\/api.w.org\/{rel}","templated":true}]}}