{"id":4893,"date":"2013-07-06T10:36:45","date_gmt":"2013-07-06T10:36:45","guid":{"rendered":"https:\/\/equilibreazur.fr\/azur\/?p=4893"},"modified":"2014-04-01T18:35:53","modified_gmt":"2014-04-01T18:35:53","slug":"2013-07-stage-aikido-plein-air","status":"publish","type":"post","link":"https:\/\/equilibreazur.fr\/azur\/stages-calendrier\/2013-07-stage-aikido-plein-air\/","title":{"rendered":"[ANNULE] 2013-07 Stage Aikido plein-air"},"content":{"rendered":"<p><span style=\"color: #ff0000;\">[MAJ 14\/07\/2013] Attention, ce stage a d\u00fb \u00eatre annul\u00e9.<\/span><\/p>\n<p><strong>Stage d&rsquo;\u00e9t\u00e9&nbsp;\u00ab\u00a0Armes de l&rsquo;Aikido\u00a0\u00bb en plein-air<\/strong><br \/>\n<strong> BUKIWAZA KOSHUKAI &#8211; ETE 2013<\/strong><\/p>\n<p><img loading=\"lazy\" decoding=\"async\" class=\"alignnone size-medium wp-image-4903\" alt=\"Aikido Auray 2007\" src=\"https:\/\/equilibreazur.fr\/azur\/wp-content\/uploads\/2013\/07\/2007-08-aikido-aikijo-auray-478x318.jpg\" width=\"478\" height=\"318\" \/><br \/>\n<span style=\"color: #888888;\">Eric Savalli, assistant Daniel Toutain &#8211; Stage d&rsquo;\u00e9t\u00e9 \u00e0 Auray &#8211; 2007<\/span><\/p>\n<p>Entra\u00eenement exceptionnel tous niveaux dirig\u00e9s par\u00a0<strong>Eric SAVALLI<\/strong> (<strong>5e Dan Iwama Ryu,\u00a0<\/strong>\u00e9l\u00e8ve de\u00a0<strong>Daniel TOUTAIN Sensei depuis 1988)<\/strong>\u00a0et 4e Dan Dento Iwama Ryu, \u00e9l\u00e8ve de\u00a0<strong>SAITO Hitohira Sensei depuis 1993<\/strong>).\u00a0<a title=\"Enseignant Aikido\" href=\"https:\/\/equilibreazur.fr\/azur\/dojocho\">Plus d&rsquo;infos<\/a>\u00a0sur son parcours&#8230;<\/p>\n<p>Stage annuel d&rsquo;Aikido en&#8230; pour une\u00a0<strong>pratique en plein-air<\/strong>, comme cela se faisait \u00e0 Iwama avec le fondateur de l&rsquo;Aikido&nbsp;!<br \/>\nLe stage est un stage d&rsquo;arme (\u00ab\u00a0<strong><em>Buki-waza<\/em><\/strong>\u00a0\u00bb litt\u00e9ralement&nbsp;\u00ab\u00a0Technique (<em>waza<\/em>) d&rsquo;armes (<em>buki<\/em>)\u00a0\u00bb).&nbsp;\u00a0Dirig\u00e9 par Eric Savalli \u00e9l\u00e8ve de Daniel Toutain Sensei et de Saito Hitohira Sensei.<\/p>\n<p><img loading=\"lazy\" decoding=\"async\" alt=\"O'Sensei, fondateur de l'Aikido \u00e0 Iwama avec son \u00e9l\u00e8ve Saito Morihiro\" src=\"https:\/\/equilibreazur.fr\/azur\/wp-content\/uploads\/2013\/07\/1964-osensei-saito-478x267.jpg\" width=\"478\" height=\"267\" \/><br \/>\nO&rsquo;Sensei s&rsquo;entra\u00eenant au sabre \u00e0 Iwama &#8211; Japon 1964<\/p>\n<p><img loading=\"lazy\" decoding=\"async\" title=\"2011-stage-aikido-aikidojo\" alt=\"Stage Aikido\" src=\"http:\/\/aikidoblog.net\/wp-content\/uploads\/2011\/07\/2011-stage-aikido-aikidojo.png\" width=\"478\" height=\"246\" \/><\/p>\n<p>Le stage est&nbsp;\u00ab\u00a0<strong>Tous niveaux<\/strong>\u00a0\u00bb&nbsp;: quelque soit votre niveau technique et votre exp\u00e9rience, ce stage s&rsquo;adresse \u00e0 vous.<\/p>\n<p>Il est ouvert \u00e0 <strong>toutes \u00e9coles et toutes f\u00e9d\u00e9rations<\/strong>. Il est simplement requis d&rsquo;avoir une assurance \u00e0 jour pour la pratique (g\u00e9n\u00e9ralement incluse avec votre licence f\u00e9d\u00e9rale).<\/p>\n<p>Pr\u00e9voir son mat\u00e9riel ou pr\u00e9venir l&rsquo;organisateur si besoin est de vous pr\u00eater <strong>Ken (sabre en bois) et Jo (b\u00e2ton)<\/strong>.<br \/>\nPr\u00e9voir \u00e9galement des <strong>chaussures adapt\u00e9es<\/strong> au travail \u00e0 l&rsquo;ext\u00e9rieur.<\/p>\n<p><strong>DATE<\/strong><\/p>\n<p style=\"padding-left: 30px;\"><strong>Dimanche 21 Juillet 2013<br \/>\n<\/strong><\/p>\n<p><strong>PROGRAMME<\/strong><\/p>\n<ul>\n<li><strong>DIMANCHE matin<br \/>\n<\/strong><strong>10h30 \u2013\u00a011h15&nbsp;\u00a0\u00ab\u00a0Aiki-Ken\u00a0\u00bb<\/strong> &#8211; Sabre en bois&nbsp;\u00ab\u00a0Boken\u00a0\u00bb Suburi + 3e Kumitachi<br \/>\n<strong>11h15 <strong>\u2013<\/strong>\u00a012h30&nbsp;\u00a0\u00ab\u00a0Aiki-Ken\u00a0\u00bb<\/strong> &#8211; 3e et 4e Kumitachi + variantes<\/li>\n<\/ul>\n<ul>\n<li><strong>Pause d\u00e9jeuner<br \/>\n<\/strong>Pr\u00e9voir son pique-nique sur place<\/li>\n<\/ul>\n<ul>\n<li><strong>DIMANCHE apr\u00e8s -midi<br \/>\n<\/strong><strong>13h30 \u2013 14h15<\/strong><strong>\u00a0\u00ab\u00a0Aiki-Jo\u00a0\u00bb<\/strong>\u00a0&#8211; B\u00e2ton&nbsp;\u00ab\u00a0Jo\u00a0\u00bb Suburi + awase<br \/>\n<strong>14h15 \u2013 15h00<\/strong><strong>\u00a0\u00ab\u00a0Aiki-Jo\u00a0\u00bb<\/strong>\u00a0&#8211; Roku-no-jo \u00e0 deux + variantes<br \/>\n<strong>15h00-15h30&nbsp;\u00ab\u00a0Ken-Tai-jo\u00a0\u00bb<\/strong><\/li>\n<\/ul>\n<ul>\n<li>15h30&#8230;&nbsp;\u00a0Pr\u00e9voir \u00e9galement ses<strong><\/strong><strong>\u00a0Shuriken&nbsp;\ud83d\ude09\u00a0<\/strong><\/li>\n<\/ul>\n<p><strong>PARTICIPATION<\/strong><\/p>\n<p style=\"padding-left: 30px;\">1\/2 journ\u00e9e&nbsp;: 15\u20ac<br \/>\n<strong>Journ\u00e9e compl\u00e8te&nbsp;: 20\u20ac<\/strong><\/p>\n<p><strong>LIEU<\/strong><\/p>\n<p style=\"padding-left: 30px;\"><strong>Auribeau sur Siagne<\/strong> (06)<br \/>\nou <strong>La Colle sur Loup<\/strong> (06)<\/p>\n<p style=\"padding-left: 30px;\">Le lieu exact reste \u00e0 confirmer.<br \/>\nMerci de revenir ult\u00e9rieurement ici m\u00eame ou de vous inscrire \u00e0 notre lettre d&rsquo;information<strong>\u00a0<\/strong>:<br \/>\n[wysija_form id=\u00a0\u00bb1&Prime;]\n<p><strong>CONTACT<\/strong><\/p>\n<p style=\"padding-left: 30px;\"><a href=\"mailto:contact@aikidojo.fr\">contact@aikidojo.fr<\/a><br \/>\nAiki Dojo Azur<br \/>\n+33 (0)6 60 42 26 32<\/p>\n<p><strong>PHOTOS DE STAGES&nbsp;\u00ab\u00a0BUKIWAZA KOSHUKAI\u00a0\u00bb<\/strong><\/p>\n[nggallery id=3]\n<p><strong>PARCOURS D&rsquo;ERIC SAVALLI&#8230; EN QUELQUES IMAGES<\/strong><\/p>\n[nggallery id=1]\n<p>&nbsp;<\/p>\n<p>&nbsp;<\/p>\n","protected":false},"excerpt":{"rendered":"<p>Stage annuel d&rsquo;Aikido en Juillet 2013&#8230; pour une pratique en plein-air, comme cela se faisait \u00e0 Iwama avec le fondateur de l&rsquo;Aikido !<br \/>\nLe stage est un stage d&rsquo;arme (\u00ab\u00a0Buki-waza\u00a0\u00bb litt\u00e9ralement \u00ab\u00a0Technique d&rsquo;armes\u00a0\u00bb). Dirig\u00e9 par Eric Savalli \u00e9l\u00e8ve de Daniel Toutain Sensei et de Saito Hitohira Sensei. Tous niveaux.<\/p>\n","protected":false},"author":2,"featured_media":4902,"comment_status":"open","ping_status":"open","sticky":false,"template":"","format":"standard","meta":{"_acf_changed":false,"_seopress_robots_primary_cat":"","_seopress_titles_title":"","_seopress_titles_desc":"","_seopress_robots_index":"","generate_page_header":"","footnotes":""},"categories":[197],"tags":[161,248,45,95],"class_list":["post-4893","post","type-post","status-publish","format-standard","has-post-thumbnail","hentry","category-stages-calendrier","tag-club-azur-paca","tag-aikido","tag-e-savalli","tag-nice-grasse","infinite-scroll-item","masonry-post","generate-columns","tablet-grid-50","mobile-grid-100","grid-parent","grid-50"],"acf":[],"_links":{"self":[{"href":"https:\/\/equilibreazur.fr\/azur\/wp-json\/wp\/v2\/posts\/4893","targetHints":{"allow":["GET"]}}],"collection":[{"href":"https:\/\/equilibreazur.fr\/azur\/wp-json\/wp\/v2\/posts"}],"about":[{"href":"https:\/\/equilibreazur.fr\/azur\/wp-json\/wp\/v2\/types\/post"}],"author":[{"embeddable":true,"href":"https:\/\/equilibreazur.fr\/azur\/wp-json\/wp\/v2\/users\/2"}],"replies":[{"embeddable":true,"href":"https:\/\/equilibreazur.fr\/azur\/wp-json\/wp\/v2\/comments?post=4893"}],"version-history":[{"count":5,"href":"https:\/\/equilibreazur.fr\/azur\/wp-json\/wp\/v2\/posts\/4893\/revisions"}],"predecessor-version":[{"id":4901,"href":"https:\/\/equilibreazur.fr\/azur\/wp-json\/wp\/v2\/posts\/4893\/revisions\/4901"}],"wp:featuredmedia":[{"embeddable":true,"href":"https:\/\/equilibreazur.fr\/azur\/wp-json\/wp\/v2\/media\/4902"}],"wp:attachment":[{"href":"https:\/\/equilibreazur.fr\/azur\/wp-json\/wp\/v2\/media?parent=4893"}],"wp:term":[{"taxonomy":"category","embeddable":true,"href":"https:\/\/equilibreazur.fr\/azur\/wp-json\/wp\/v2\/categories?post=4893"},{"taxonomy":"post_tag","embeddable":true,"href":"https:\/\/equilibreazur.fr\/azur\/wp-json\/wp\/v2\/tags?post=4893"}],"curies":[{"name":"wp","href":"https:\/\/api.w.org\/{rel}","templated":true}]}}