{"id":4841,"date":"2013-06-09T13:37:29","date_gmt":"2013-06-09T13:37:29","guid":{"rendered":"https:\/\/equilibreazur.fr\/azur\/?p=4841"},"modified":"2014-12-10T20:42:23","modified_gmt":"2014-12-10T20:42:23","slug":"2013-best-of-photos-kinen-10-ans","status":"publish","type":"post","link":"https:\/\/equilibreazur.fr\/azur\/news\/2013-best-of-photos-kinen-10-ans\/","title":{"rendered":"Best-of photos et vid\u00e9o du&nbsp;\u00ab\u00a0Kinen&nbsp;10&nbsp;ans\u00a0\u00bb"},"content":{"rendered":"<p>Voici l&rsquo;album photos&nbsp;\u00ab\u00a0Best-of\u00a0\u00bb du stage&nbsp;\u00ab\u00a0Kinen des 10 ans d&rsquo;AIKI DOJO AZUR\u00a0\u00bb&nbsp;\u00a0!<br \/>\nLe stage d&rsquo;Aikido avait \u00e9t\u00e9 donn\u00e9 pour f\u00eater les 10 ans de l&rsquo;association&nbsp;\u00ab\u00a0AIKI DOJO AZUR\u00a0\u00bb et de nombreux enseignants et amis, de toute la France et m\u00eame au del\u00e0, ont pu venir f\u00eater l&rsquo;\u00e9v\u00e9nement avec nous\u00a0!<\/p>\n[Mise \u00e0 jour 21\/11\/2013] Le clib vid\u00e9o du stage&nbsp;!<\/p>\n<p><iframe loading=\"lazy\" title=\"2013-05 Aiki Dojo Azur - Kinen 10 ans (video clip) - Aikido\" width=\"1200\" height=\"675\" src=\"https:\/\/www.youtube.com\/embed\/IvDHUKCLJ9U?feature=oembed\" frameborder=\"0\" allow=\"accelerometer; autoplay; encrypted-media; gyroscope; picture-in-picture\" allowfullscreen><\/iframe><\/p>\n<p>Revoir la page du stage&#8230; <a title=\"Aikido KinenLe Stage des 10 ans\" href=\"https:\/\/equilibreazur.fr\/azur\/news\/2013-kinen-aiki-dojo-azur\/\">AIKI DOJO AZUR f\u00eate ses 10 bougies\u00a0!<\/a><\/p>\n<div id='gallery-1' class='gallery galleryid-4841 gallery-columns-3 gallery-size-thumbnail'><figure class='gallery-item'>\n\t\t\t<div class='gallery-icon landscape'>\n\t\t\t\t<a href='https:\/\/equilibreazur.fr\/azur\/news\/2013-best-of-photos-kinen-10-ans\/attachment\/kinen-10-ans-aiki-dojo-azur\/#main'><img loading=\"lazy\" decoding=\"async\" width=\"200\" height=\"200\" src=\"https:\/\/equilibreazur.fr\/azur\/wp-content\/uploads\/2013\/06\/Aikido-Kinen-Aiki-Dojo-Azur-10-years-1-200x200.jpg\" class=\"attachment-thumbnail size-thumbnail\" alt=\"\" \/><\/a>\n\t\t\t<\/div><\/figure><figure class='gallery-item'>\n\t\t\t<div class='gallery-icon landscape'>\n\t\t\t\t<a href='https:\/\/equilibreazur.fr\/azur\/news\/2013-best-of-photos-kinen-10-ans\/attachment\/kinen-10-ans-aiki-dojo-azur-2\/#main'><img loading=\"lazy\" decoding=\"async\" width=\"200\" height=\"200\" src=\"https:\/\/equilibreazur.fr\/azur\/wp-content\/uploads\/2013\/06\/Aikido-Kinen-Aiki-Dojo-Azur-10-years-2-200x200.jpg\" class=\"attachment-thumbnail size-thumbnail\" alt=\"\" \/><\/a>\n\t\t\t<\/div><\/figure><figure class='gallery-item'>\n\t\t\t<div class='gallery-icon landscape'>\n\t\t\t\t<a href='https:\/\/equilibreazur.fr\/azur\/news\/2013-best-of-photos-kinen-10-ans\/attachment\/kinen-10-ans-aiki-dojo-azur-3\/#main'><img loading=\"lazy\" decoding=\"async\" width=\"200\" height=\"200\" src=\"https:\/\/equilibreazur.fr\/azur\/wp-content\/uploads\/2013\/06\/Aikido-Kinen-Aiki-Dojo-Azur-10-years-3-200x200.jpg\" class=\"attachment-thumbnail size-thumbnail\" alt=\"\" \/><\/a>\n\t\t\t<\/div><\/figure><figure class='gallery-item'>\n\t\t\t<div class='gallery-icon landscape'>\n\t\t\t\t<a href='https:\/\/equilibreazur.fr\/azur\/news\/2013-best-of-photos-kinen-10-ans\/attachment\/kinen-10-ans-aiki-dojo-azur-4\/#main'><img loading=\"lazy\" decoding=\"async\" width=\"200\" height=\"200\" src=\"https:\/\/equilibreazur.fr\/azur\/wp-content\/uploads\/2013\/06\/Aikido-Kinen-Aiki-Dojo-Azur-10-years-4-200x200.jpg\" class=\"attachment-thumbnail size-thumbnail\" alt=\"\" \/><\/a>\n\t\t\t<\/div><\/figure><figure class='gallery-item'>\n\t\t\t<div class='gallery-icon landscape'>\n\t\t\t\t<a href='https:\/\/equilibreazur.fr\/azur\/news\/2013-best-of-photos-kinen-10-ans\/attachment\/kinen-10-ans-aiki-dojo-azur-5\/#main'><img loading=\"lazy\" decoding=\"async\" width=\"200\" height=\"200\" src=\"https:\/\/equilibreazur.fr\/azur\/wp-content\/uploads\/2013\/06\/Aikido-Kinen-Aiki-Dojo-Azur-10-years-5-200x200.jpg\" class=\"attachment-thumbnail size-thumbnail\" alt=\"\" \/><\/a>\n\t\t\t<\/div><\/figure><figure class='gallery-item'>\n\t\t\t<div class='gallery-icon landscape'>\n\t\t\t\t<a href='https:\/\/equilibreazur.fr\/azur\/news\/2013-best-of-photos-kinen-10-ans\/attachment\/kinen-10-ans-aiki-dojo-azur-6\/#main'><img loading=\"lazy\" decoding=\"async\" width=\"200\" height=\"200\" src=\"https:\/\/equilibreazur.fr\/azur\/wp-content\/uploads\/2013\/06\/Aikido-Kinen-Aiki-Dojo-Azur-10-years-6-200x200.jpg\" class=\"attachment-thumbnail size-thumbnail\" alt=\"\" \/><\/a>\n\t\t\t<\/div><\/figure><figure class='gallery-item'>\n\t\t\t<div class='gallery-icon landscape'>\n\t\t\t\t<a href='https:\/\/equilibreazur.fr\/azur\/news\/2013-best-of-photos-kinen-10-ans\/attachment\/kinen-10-ans-aiki-dojo-azur-7\/#main'><img loading=\"lazy\" decoding=\"async\" width=\"200\" height=\"200\" src=\"https:\/\/equilibreazur.fr\/azur\/wp-content\/uploads\/2013\/06\/Aikido-Kinen-Aiki-Dojo-Azur-10-years-7-200x200.jpg\" class=\"attachment-thumbnail size-thumbnail\" alt=\"\" \/><\/a>\n\t\t\t<\/div><\/figure><figure class='gallery-item'>\n\t\t\t<div class='gallery-icon landscape'>\n\t\t\t\t<a href='https:\/\/equilibreazur.fr\/azur\/news\/2013-best-of-photos-kinen-10-ans\/attachment\/kinen-10-ans-aiki-dojo-azur-8\/#main'><img loading=\"lazy\" decoding=\"async\" width=\"200\" height=\"200\" src=\"https:\/\/equilibreazur.fr\/azur\/wp-content\/uploads\/2013\/06\/Aikido-Kinen-Aiki-Dojo-Azur-10-years-8-200x200.jpg\" class=\"attachment-thumbnail size-thumbnail\" alt=\"\" \/><\/a>\n\t\t\t<\/div><\/figure><figure class='gallery-item'>\n\t\t\t<div class='gallery-icon landscape'>\n\t\t\t\t<a href='https:\/\/equilibreazur.fr\/azur\/news\/2013-best-of-photos-kinen-10-ans\/attachment\/kinen-10-ans-aiki-dojo-azur-9\/#main'><img loading=\"lazy\" decoding=\"async\" width=\"200\" height=\"200\" src=\"https:\/\/equilibreazur.fr\/azur\/wp-content\/uploads\/2013\/06\/Aikido-Kinen-Aiki-Dojo-Azur-10-years-9-200x200.jpg\" class=\"attachment-thumbnail size-thumbnail\" alt=\"\" \/><\/a>\n\t\t\t<\/div><\/figure><figure class='gallery-item'>\n\t\t\t<div class='gallery-icon landscape'>\n\t\t\t\t<a href='https:\/\/equilibreazur.fr\/azur\/news\/2013-best-of-photos-kinen-10-ans\/attachment\/kinen-10-ans-aiki-dojo-azur-10\/#main'><img loading=\"lazy\" decoding=\"async\" width=\"200\" height=\"200\" src=\"https:\/\/equilibreazur.fr\/azur\/wp-content\/uploads\/2013\/06\/Aikido-Kinen-Aiki-Dojo-Azur-10-years-10-200x200.jpg\" class=\"attachment-thumbnail size-thumbnail\" alt=\"\" \/><\/a>\n\t\t\t<\/div><\/figure><figure class='gallery-item'>\n\t\t\t<div class='gallery-icon landscape'>\n\t\t\t\t<a href='https:\/\/equilibreazur.fr\/azur\/news\/2013-best-of-photos-kinen-10-ans\/attachment\/kinen-10-ans-aiki-dojo-azur-11\/#main'><img loading=\"lazy\" decoding=\"async\" width=\"200\" height=\"200\" src=\"https:\/\/equilibreazur.fr\/azur\/wp-content\/uploads\/2013\/06\/Aikido-Kinen-Aiki-Dojo-Azur-10-years-11-200x200.jpg\" class=\"attachment-thumbnail size-thumbnail\" alt=\"\" \/><\/a>\n\t\t\t<\/div><\/figure><figure class='gallery-item'>\n\t\t\t<div class='gallery-icon landscape'>\n\t\t\t\t<a href='https:\/\/equilibreazur.fr\/azur\/news\/2013-best-of-photos-kinen-10-ans\/attachment\/kinen-10-ans-aiki-dojo-azur-12\/#main'><img loading=\"lazy\" decoding=\"async\" width=\"200\" height=\"200\" src=\"https:\/\/equilibreazur.fr\/azur\/wp-content\/uploads\/2013\/06\/Aikido-Kinen-Aiki-Dojo-Azur-10-years-12-200x200.jpg\" class=\"attachment-thumbnail size-thumbnail\" alt=\"\" \/><\/a>\n\t\t\t<\/div><\/figure><figure class='gallery-item'>\n\t\t\t<div class='gallery-icon landscape'>\n\t\t\t\t<a href='https:\/\/equilibreazur.fr\/azur\/news\/2013-best-of-photos-kinen-10-ans\/attachment\/kinen-10-ans-aiki-dojo-azur-13\/#main'><img loading=\"lazy\" decoding=\"async\" width=\"200\" height=\"200\" src=\"https:\/\/equilibreazur.fr\/azur\/wp-content\/uploads\/2013\/06\/Aikido-Kinen-Aiki-Dojo-Azur-10-years-13-200x200.jpg\" class=\"attachment-thumbnail size-thumbnail\" alt=\"\" \/><\/a>\n\t\t\t<\/div><\/figure><figure class='gallery-item'>\n\t\t\t<div class='gallery-icon landscape'>\n\t\t\t\t<a href='https:\/\/equilibreazur.fr\/azur\/news\/2013-best-of-photos-kinen-10-ans\/attachment\/kinen-10-ans-aiki-dojo-azur-14\/#main'><img loading=\"lazy\" decoding=\"async\" width=\"200\" height=\"200\" src=\"https:\/\/equilibreazur.fr\/azur\/wp-content\/uploads\/2013\/06\/Aikido-Kinen-Aiki-Dojo-Azur-10-years-14-200x200.jpg\" class=\"attachment-thumbnail size-thumbnail\" alt=\"\" \/><\/a>\n\t\t\t<\/div><\/figure><figure class='gallery-item'>\n\t\t\t<div class='gallery-icon landscape'>\n\t\t\t\t<a href='https:\/\/equilibreazur.fr\/azur\/news\/2013-best-of-photos-kinen-10-ans\/attachment\/kinen-10-ans-aiki-dojo-azur-15\/#main'><img loading=\"lazy\" decoding=\"async\" width=\"200\" height=\"200\" src=\"https:\/\/equilibreazur.fr\/azur\/wp-content\/uploads\/2013\/06\/Aikido-Kinen-Aiki-Dojo-Azur-10-years-15-200x200.jpg\" class=\"attachment-thumbnail size-thumbnail\" alt=\"\" \/><\/a>\n\t\t\t<\/div><\/figure><figure class='gallery-item'>\n\t\t\t<div class='gallery-icon landscape'>\n\t\t\t\t<a href='https:\/\/equilibreazur.fr\/azur\/news\/2013-best-of-photos-kinen-10-ans\/attachment\/kinen-10-ans-aiki-dojo-azur-16\/#main'><img loading=\"lazy\" decoding=\"async\" width=\"200\" height=\"200\" src=\"https:\/\/equilibreazur.fr\/azur\/wp-content\/uploads\/2013\/06\/Aikido-Kinen-Aiki-Dojo-Azur-10-years-16-200x200.jpg\" class=\"attachment-thumbnail size-thumbnail\" alt=\"\" \/><\/a>\n\t\t\t<\/div><\/figure><figure class='gallery-item'>\n\t\t\t<div class='gallery-icon landscape'>\n\t\t\t\t<a href='https:\/\/equilibreazur.fr\/azur\/news\/2013-best-of-photos-kinen-10-ans\/attachment\/kinen-10-ans-aiki-dojo-azur-17\/#main'><img loading=\"lazy\" decoding=\"async\" width=\"200\" height=\"200\" src=\"https:\/\/equilibreazur.fr\/azur\/wp-content\/uploads\/2013\/06\/Aikido-Kinen-Aiki-Dojo-Azur-10-years-17-200x200.jpg\" class=\"attachment-thumbnail size-thumbnail\" alt=\"\" \/><\/a>\n\t\t\t<\/div><\/figure><figure class='gallery-item'>\n\t\t\t<div class='gallery-icon landscape'>\n\t\t\t\t<a href='https:\/\/equilibreazur.fr\/azur\/news\/2013-best-of-photos-kinen-10-ans\/attachment\/kinen-10-ans-aiki-dojo-azur-18\/#main'><img loading=\"lazy\" decoding=\"async\" width=\"200\" height=\"200\" src=\"https:\/\/equilibreazur.fr\/azur\/wp-content\/uploads\/2013\/06\/Aikido-Kinen-Aiki-Dojo-Azur-10-years-18-200x200.jpg\" class=\"attachment-thumbnail size-thumbnail\" alt=\"\" \/><\/a>\n\t\t\t<\/div><\/figure><figure class='gallery-item'>\n\t\t\t<div class='gallery-icon landscape'>\n\t\t\t\t<a href='https:\/\/equilibreazur.fr\/azur\/news\/2013-best-of-photos-kinen-10-ans\/attachment\/kinen-10-ans-aiki-dojo-azur-19\/#main'><img loading=\"lazy\" decoding=\"async\" width=\"200\" height=\"200\" src=\"https:\/\/equilibreazur.fr\/azur\/wp-content\/uploads\/2013\/06\/Aikido-Kinen-Aiki-Dojo-Azur-10-years-19-200x200.jpg\" class=\"attachment-thumbnail size-thumbnail\" alt=\"\" \/><\/a>\n\t\t\t<\/div><\/figure><figure class='gallery-item'>\n\t\t\t<div class='gallery-icon landscape'>\n\t\t\t\t<a href='https:\/\/equilibreazur.fr\/azur\/news\/2013-best-of-photos-kinen-10-ans\/attachment\/kinen-10-ans-aiki-dojo-azur-20\/#main'><img loading=\"lazy\" decoding=\"async\" width=\"200\" height=\"200\" src=\"https:\/\/equilibreazur.fr\/azur\/wp-content\/uploads\/2013\/06\/Aikido-Kinen-Aiki-Dojo-Azur-10-years-20-200x200.jpg\" class=\"attachment-thumbnail size-thumbnail\" alt=\"\" \/><\/a>\n\t\t\t<\/div><\/figure><figure class='gallery-item'>\n\t\t\t<div class='gallery-icon landscape'>\n\t\t\t\t<a href='https:\/\/equilibreazur.fr\/azur\/news\/2013-best-of-photos-kinen-10-ans\/attachment\/kinen-10-ans-aiki-dojo-azur-21\/#main'><img loading=\"lazy\" decoding=\"async\" width=\"200\" height=\"200\" src=\"https:\/\/equilibreazur.fr\/azur\/wp-content\/uploads\/2013\/06\/Aikido-Kinen-Aiki-Dojo-Azur-10-years-21-200x200.jpg\" class=\"attachment-thumbnail size-thumbnail\" alt=\"\" \/><\/a>\n\t\t\t<\/div><\/figure><figure class='gallery-item'>\n\t\t\t<div class='gallery-icon portrait'>\n\t\t\t\t<a href='https:\/\/equilibreazur.fr\/azur\/news\/2013-best-of-photos-kinen-10-ans\/attachment\/kinen-10-ans-aiki-dojo-azur-22\/#main'><img loading=\"lazy\" decoding=\"async\" width=\"200\" height=\"200\" src=\"https:\/\/equilibreazur.fr\/azur\/wp-content\/uploads\/2013\/06\/Aikido-Kinen-Aiki-Dojo-Azur-10-years-22-200x200.jpg\" class=\"attachment-thumbnail size-thumbnail\" alt=\"\" \/><\/a>\n\t\t\t<\/div><\/figure><figure class='gallery-item'>\n\t\t\t<div class='gallery-icon portrait'>\n\t\t\t\t<a href='https:\/\/equilibreazur.fr\/azur\/news\/2013-best-of-photos-kinen-10-ans\/attachment\/kinen-10-ans-aiki-dojo-azur-23\/#main'><img loading=\"lazy\" decoding=\"async\" width=\"200\" height=\"200\" src=\"https:\/\/equilibreazur.fr\/azur\/wp-content\/uploads\/2013\/06\/Aikido-Kinen-Aiki-Dojo-Azur-10-years-23-200x200.jpg\" class=\"attachment-thumbnail size-thumbnail\" alt=\"\" \/><\/a>\n\t\t\t<\/div><\/figure><figure class='gallery-item'>\n\t\t\t<div class='gallery-icon landscape'>\n\t\t\t\t<a href='https:\/\/equilibreazur.fr\/azur\/news\/2013-best-of-photos-kinen-10-ans\/attachment\/kinen-10-ans-aiki-dojo-azur-24\/#main'><img loading=\"lazy\" decoding=\"async\" width=\"200\" height=\"200\" src=\"https:\/\/equilibreazur.fr\/azur\/wp-content\/uploads\/2013\/06\/Aikido-Kinen-Aiki-Dojo-Azur-10-years-24-200x200.jpg\" class=\"attachment-thumbnail size-thumbnail\" alt=\"\" \/><\/a>\n\t\t\t<\/div><\/figure><figure class='gallery-item'>\n\t\t\t<div class='gallery-icon landscape'>\n\t\t\t\t<a href='https:\/\/equilibreazur.fr\/azur\/news\/2013-best-of-photos-kinen-10-ans\/attachment\/kinen-10-ans-aiki-dojo-azur-25\/#main'><img loading=\"lazy\" decoding=\"async\" width=\"200\" height=\"200\" src=\"https:\/\/equilibreazur.fr\/azur\/wp-content\/uploads\/2013\/06\/Aikido-Kinen-Aiki-Dojo-Azur-10-years-25-200x200.jpg\" class=\"attachment-thumbnail size-thumbnail\" alt=\"\" \/><\/a>\n\t\t\t<\/div><\/figure><figure class='gallery-item'>\n\t\t\t<div class='gallery-icon landscape'>\n\t\t\t\t<a href='https:\/\/equilibreazur.fr\/azur\/news\/2013-best-of-photos-kinen-10-ans\/attachment\/kinen-10-ans-aiki-dojo-azur-26\/#main'><img loading=\"lazy\" decoding=\"async\" width=\"200\" height=\"200\" src=\"https:\/\/equilibreazur.fr\/azur\/wp-content\/uploads\/2013\/06\/Aikido-Kinen-Aiki-Dojo-Azur-10-years-26-200x200.jpg\" class=\"attachment-thumbnail size-thumbnail\" alt=\"\" \/><\/a>\n\t\t\t<\/div><\/figure><figure class='gallery-item'>\n\t\t\t<div class='gallery-icon landscape'>\n\t\t\t\t<a href='https:\/\/equilibreazur.fr\/azur\/news\/2013-best-of-photos-kinen-10-ans\/attachment\/kinen-10-ans-aiki-dojo-azur-27\/#main'><img loading=\"lazy\" decoding=\"async\" width=\"200\" height=\"200\" src=\"https:\/\/equilibreazur.fr\/azur\/wp-content\/uploads\/2013\/06\/Aikido-Kinen-Aiki-Dojo-Azur-10-years-27-200x200.jpg\" class=\"attachment-thumbnail size-thumbnail\" alt=\"\" \/><\/a>\n\t\t\t<\/div><\/figure><figure class='gallery-item'>\n\t\t\t<div class='gallery-icon portrait'>\n\t\t\t\t<a href='https:\/\/equilibreazur.fr\/azur\/news\/2013-best-of-photos-kinen-10-ans\/attachment\/kinen-10-ans-aiki-dojo-azur-28\/#main'><img loading=\"lazy\" decoding=\"async\" width=\"200\" height=\"200\" src=\"https:\/\/equilibreazur.fr\/azur\/wp-content\/uploads\/2013\/06\/Aikido-Kinen-Aiki-Dojo-Azur-10-years-28-200x200.jpg\" class=\"attachment-thumbnail size-thumbnail\" alt=\"\" \/><\/a>\n\t\t\t<\/div><\/figure><figure class='gallery-item'>\n\t\t\t<div class='gallery-icon landscape'>\n\t\t\t\t<a href='https:\/\/equilibreazur.fr\/azur\/news\/2013-best-of-photos-kinen-10-ans\/attachment\/kinen-10-ans-aiki-dojo-azur-29\/#main'><img loading=\"lazy\" decoding=\"async\" width=\"200\" height=\"200\" src=\"https:\/\/equilibreazur.fr\/azur\/wp-content\/uploads\/2013\/06\/Aikido-Kinen-Aiki-Dojo-Azur-10-years-29-200x200.jpg\" class=\"attachment-thumbnail size-thumbnail\" alt=\"\" \/><\/a>\n\t\t\t<\/div><\/figure><figure class='gallery-item'>\n\t\t\t<div class='gallery-icon landscape'>\n\t\t\t\t<a href='https:\/\/equilibreazur.fr\/azur\/news\/2013-best-of-photos-kinen-10-ans\/attachment\/kinen-10-ans-aiki-dojo-azur-30\/#main'><img loading=\"lazy\" decoding=\"async\" width=\"200\" height=\"200\" src=\"https:\/\/equilibreazur.fr\/azur\/wp-content\/uploads\/2013\/06\/Aikido-Kinen-Aiki-Dojo-Azur-10-years-30-200x200.jpg\" class=\"attachment-thumbnail size-thumbnail\" alt=\"\" \/><\/a>\n\t\t\t<\/div><\/figure><figure class='gallery-item'>\n\t\t\t<div class='gallery-icon landscape'>\n\t\t\t\t<a href='https:\/\/equilibreazur.fr\/azur\/news\/2013-best-of-photos-kinen-10-ans\/attachment\/kinen-10-ans-aiki-dojo-azur-31\/#main'><img loading=\"lazy\" decoding=\"async\" width=\"200\" height=\"200\" src=\"https:\/\/equilibreazur.fr\/azur\/wp-content\/uploads\/2013\/06\/Aikido-Kinen-Aiki-Dojo-Azur-10-years-31-200x200.jpg\" class=\"attachment-thumbnail size-thumbnail\" alt=\"\" \/><\/a>\n\t\t\t<\/div><\/figure><figure class='gallery-item'>\n\t\t\t<div class='gallery-icon landscape'>\n\t\t\t\t<a href='https:\/\/equilibreazur.fr\/azur\/news\/2013-best-of-photos-kinen-10-ans\/attachment\/kinen-10-ans-aiki-dojo-azur-32\/#main'><img loading=\"lazy\" decoding=\"async\" width=\"200\" height=\"200\" src=\"https:\/\/equilibreazur.fr\/azur\/wp-content\/uploads\/2013\/06\/Aikido-Kinen-Aiki-Dojo-Azur-10-years-32-200x200.jpg\" class=\"attachment-thumbnail size-thumbnail\" alt=\"\" \/><\/a>\n\t\t\t<\/div><\/figure><figure class='gallery-item'>\n\t\t\t<div class='gallery-icon landscape'>\n\t\t\t\t<a href='https:\/\/equilibreazur.fr\/azur\/news\/2013-best-of-photos-kinen-10-ans\/attachment\/kinen-10-ans-aiki-dojo-azur-33\/#main'><img loading=\"lazy\" decoding=\"async\" width=\"200\" height=\"200\" src=\"https:\/\/equilibreazur.fr\/azur\/wp-content\/uploads\/2013\/06\/Aikido-Kinen-Aiki-Dojo-Azur-10-years-33-200x200.jpg\" class=\"attachment-thumbnail size-thumbnail\" alt=\"\" \/><\/a>\n\t\t\t<\/div><\/figure><figure class='gallery-item'>\n\t\t\t<div class='gallery-icon landscape'>\n\t\t\t\t<a href='https:\/\/equilibreazur.fr\/azur\/news\/2013-best-of-photos-kinen-10-ans\/attachment\/kinen-10-ans-aiki-dojo-azur-34\/#main'><img loading=\"lazy\" decoding=\"async\" width=\"200\" height=\"200\" src=\"https:\/\/equilibreazur.fr\/azur\/wp-content\/uploads\/2013\/06\/Aikido-Kinen-Aiki-Dojo-Azur-10-years-34-200x200.jpg\" class=\"attachment-thumbnail size-thumbnail\" alt=\"\" \/><\/a>\n\t\t\t<\/div><\/figure><figure class='gallery-item'>\n\t\t\t<div class='gallery-icon landscape'>\n\t\t\t\t<a href='https:\/\/equilibreazur.fr\/azur\/news\/2013-best-of-photos-kinen-10-ans\/attachment\/kinen-10-ans-aiki-dojo-azur-35\/#main'><img loading=\"lazy\" decoding=\"async\" width=\"200\" height=\"200\" src=\"https:\/\/equilibreazur.fr\/azur\/wp-content\/uploads\/2013\/06\/Aikido-Kinen-Aiki-Dojo-Azur-10-years-35-200x200.jpg\" class=\"attachment-thumbnail size-thumbnail\" alt=\"\" \/><\/a>\n\t\t\t<\/div><\/figure><figure class='gallery-item'>\n\t\t\t<div class='gallery-icon landscape'>\n\t\t\t\t<a href='https:\/\/equilibreazur.fr\/azur\/news\/2013-best-of-photos-kinen-10-ans\/attachment\/kinen-10-ans-aiki-dojo-azur-37\/#main'><img loading=\"lazy\" decoding=\"async\" width=\"200\" height=\"200\" src=\"https:\/\/equilibreazur.fr\/azur\/wp-content\/uploads\/2013\/06\/Aikido-Kinen-Aiki-Dojo-Azur-10-years-37-200x200.jpg\" class=\"attachment-thumbnail size-thumbnail\" alt=\"\" \/><\/a>\n\t\t\t<\/div><\/figure><figure class='gallery-item'>\n\t\t\t<div class='gallery-icon landscape'>\n\t\t\t\t<a href='https:\/\/equilibreazur.fr\/azur\/news\/2013-best-of-photos-kinen-10-ans\/attachment\/kinen-10-ans-aiki-dojo-azur-38\/#main'><img loading=\"lazy\" decoding=\"async\" width=\"200\" height=\"200\" src=\"https:\/\/equilibreazur.fr\/azur\/wp-content\/uploads\/2013\/06\/Aikido-Kinen-Aiki-Dojo-Azur-10-years-38-200x200.jpg\" class=\"attachment-thumbnail size-thumbnail\" alt=\"\" \/><\/a>\n\t\t\t<\/div><\/figure><figure class='gallery-item'>\n\t\t\t<div class='gallery-icon landscape'>\n\t\t\t\t<a href='https:\/\/equilibreazur.fr\/azur\/news\/2013-best-of-photos-kinen-10-ans\/attachment\/kinen-10-ans-aiki-dojo-azur-39\/#main'><img loading=\"lazy\" decoding=\"async\" width=\"200\" height=\"200\" src=\"https:\/\/equilibreazur.fr\/azur\/wp-content\/uploads\/2013\/06\/Aikido-Kinen-Aiki-Dojo-Azur-10-years-39-200x200.jpg\" class=\"attachment-thumbnail size-thumbnail\" alt=\"\" \/><\/a>\n\t\t\t<\/div><\/figure><figure class='gallery-item'>\n\t\t\t<div class='gallery-icon landscape'>\n\t\t\t\t<a href='https:\/\/equilibreazur.fr\/azur\/news\/2013-best-of-photos-kinen-10-ans\/attachment\/kinen-10-ans-aiki-dojo-azur-40\/#main'><img loading=\"lazy\" decoding=\"async\" width=\"200\" height=\"200\" src=\"https:\/\/equilibreazur.fr\/azur\/wp-content\/uploads\/2013\/06\/Aikido-Kinen-Aiki-Dojo-Azur-10-years-40-200x200.jpg\" class=\"attachment-thumbnail size-thumbnail\" alt=\"\" \/><\/a>\n\t\t\t<\/div><\/figure>\n\t\t<\/div>\n\n","protected":false},"excerpt":{"rendered":"<p>Voici l&rsquo;album photos \u00ab\u00a0Best-of\u00a0\u00bb du stage \u00ab\u00a0Kinen des 10 ans d&rsquo;AIKI DOJO AZUR\u00a0\u00bb  !<br \/>\nLe stage d&rsquo;Aikido avait \u00e9t\u00e9 donn\u00e9 pour f\u00eater les 10 ans de l&rsquo;association \u00ab\u00a0AIKI DOJO AZUR\u00a0\u00bb et de nombreux enseignants et amis, de toute la France et m\u00eame au del\u00e0, ont pu venir f\u00eater l&rsquo;\u00e9v\u00e9nement avec nous !<\/p>\n","protected":false},"author":2,"featured_media":4882,"comment_status":"open","ping_status":"open","sticky":false,"template":"","format":"standard","meta":{"_acf_changed":false,"_seopress_robots_primary_cat":"","_seopress_titles_title":"","_seopress_titles_desc":"","_seopress_robots_index":"","generate_page_header":"","footnotes":""},"categories":[142],"tags":[161,218,45,217,216,95,102,108,199,110,204,215,206],"class_list":["post-4841","post","type-post","status-publish","format-standard","has-post-thumbnail","hentry","category-news","tag-club-azur-paca","tag-b-cassabi","tag-e-savalli","tag-f-rousseau","tag-m-haziza","tag-nice-grasse","tag-photo","tag-s-bravin","tag-s-hlavacek","tag-smaniey","tag-stage","tag-t-le-borgne","tag-y-chatelain","infinite-scroll-item","masonry-post","generate-columns","tablet-grid-50","mobile-grid-100","grid-parent","grid-50"],"acf":[],"_links":{"self":[{"href":"https:\/\/equilibreazur.fr\/azur\/wp-json\/wp\/v2\/posts\/4841","targetHints":{"allow":["GET"]}}],"collection":[{"href":"https:\/\/equilibreazur.fr\/azur\/wp-json\/wp\/v2\/posts"}],"about":[{"href":"https:\/\/equilibreazur.fr\/azur\/wp-json\/wp\/v2\/types\/post"}],"author":[{"embeddable":true,"href":"https:\/\/equilibreazur.fr\/azur\/wp-json\/wp\/v2\/users\/2"}],"replies":[{"embeddable":true,"href":"https:\/\/equilibreazur.fr\/azur\/wp-json\/wp\/v2\/comments?post=4841"}],"version-history":[{"count":6,"href":"https:\/\/equilibreazur.fr\/azur\/wp-json\/wp\/v2\/posts\/4841\/revisions"}],"predecessor-version":[{"id":5566,"href":"https:\/\/equilibreazur.fr\/azur\/wp-json\/wp\/v2\/posts\/4841\/revisions\/5566"}],"wp:featuredmedia":[{"embeddable":true,"href":"https:\/\/equilibreazur.fr\/azur\/wp-json\/wp\/v2\/media\/4882"}],"wp:attachment":[{"href":"https:\/\/equilibreazur.fr\/azur\/wp-json\/wp\/v2\/media?parent=4841"}],"wp:term":[{"taxonomy":"category","embeddable":true,"href":"https:\/\/equilibreazur.fr\/azur\/wp-json\/wp\/v2\/categories?post=4841"},{"taxonomy":"post_tag","embeddable":true,"href":"https:\/\/equilibreazur.fr\/azur\/wp-json\/wp\/v2\/tags?post=4841"}],"curies":[{"name":"wp","href":"https:\/\/api.w.org\/{rel}","templated":true}]}}