{"id":4302,"date":"2012-08-24T18:30:23","date_gmt":"2012-08-24T18:30:23","guid":{"rendered":"https:\/\/equilibreazur.fr\/azur\/?p=4302"},"modified":"2012-09-10T16:03:13","modified_gmt":"2012-09-10T16:03:13","slug":"2012-09-rentree","status":"publish","type":"post","link":"https:\/\/equilibreazur.fr\/azur\/news\/2012-09-rentree\/","title":{"rendered":"Saison 2012-2013&#8230;<br \/>c&rsquo;est la rentr\u00e9e&nbsp;!"},"content":{"rendered":"<p>La saison reprend&nbsp;! Nous esp\u00e9rons que la p\u00e9riode d&rsquo;\u00e9t\u00e9 fut excellente et que les accus sont recharg\u00e9s \u00e0 bloc&nbsp;\u00a0\ud83d\ude42<\/p>\n<p><a href=\"https:\/\/equilibreazur.fr\/azur\/?attachment_id=2161\"><img loading=\"lazy\" decoding=\"async\" class=\"alignnone size-full wp-image-2161\" title=\"200906-flyerA5-aikido\" src=\"https:\/\/equilibreazur.fr\/azur\/wp-content\/uploads\/2009\/09\/200906-flyerA5-aikido.jpg\" alt=\"Affiche Aiki Dojo Azur\" width=\"478\" height=\"269\" srcset=\"https:\/\/equilibreazur.fr\/azur\/wp-content\/uploads\/2009\/09\/200906-flyerA5-aikido.jpg 478w, https:\/\/equilibreazur.fr\/azur\/wp-content\/uploads\/2009\/09\/200906-flyerA5-aikido-370x208.jpg 370w\" sizes=\"auto, (max-width: 478px) 100vw, 478px\" \/><\/a><\/p>\n<p><strong>Date de la rentr\u00e9e<\/strong><\/p>\n<p style=\"padding-left: 30px;\">La date de la rentr\u00e9e est fix\u00e9e au <span style=\"background-color: #ffff99;\"><strong>Mardi 04 Septembre 2012<\/strong><\/span>, avec le tout premier cours de Bukiwaza en plein air \u00e0 la Valmasque \u00e0 Sophia Antipolis. Suivront, les cours du Jeudi soir et Vendredi soir \u00e0 Chateauneuf de Grasse, \u00e0 c\u00f4t\u00e9 d&rsquo;Opio et du Rouret.<br \/>\nVoir les <a title=\"Horaires des cours d'Aikido\" href=\"https:\/\/equilibreazur.fr\/azur\/cours-aikido-horaires\/\">horaires des cours<\/a>, \u00e9galement\u00a0les plans d&rsquo;acc\u00e8s aux <a title=\"Lieu de pratique de l'Aikido\" href=\"https:\/\/equilibreazur.fr\/azur\/plans-acces-cours-aikido\/\">lieux de pratique<\/a>.<\/p>\n<p><strong>Forum, Inscription et Tarifs<\/strong><\/p>\n<p style=\"padding-left: 30px;\">L&rsquo;inscription peut se faire sur place, en d\u00e9but de cours. Il est pr\u00e9f\u00e9rable de passer nous voir \u00e0 notre stand lors des forums des associations qui auront lieu cette ann\u00e9e au <a title=\"Le Rouret \u2013 Forum des associations le Samedi 08 Septembre 2012\" href=\"https:\/\/equilibreazur.fr\/azur\/news\/2012-09-le-rouret-forum-associations\/\" target=\"_blank\">Rouret le <span style=\"background-color: #ffff99;\"><strong>samedi 08 septembre<\/strong><\/span><\/a>, et \u00e0 <a title=\"Bar sur Loup \u2013 Forum des associations le Dimanche 09 Septembre 2012\" href=\"https:\/\/equilibreazur.fr\/azur\/news\/2012-forum-des-associations-bar-sur-loup\/\" target=\"_blank\">Bar s\/Loup le <span style=\"background-color: #ffff99;\"><strong>dimanche\u00a009\u00a0Septembre<\/strong><\/span><\/a>. Les frais d&rsquo;inscription et de participation aux cours sont indiqu\u00e9s sur la page&nbsp;\u00ab\u00a0<a title=\"Tarifs d'inscription\" href=\"https:\/\/equilibreazur.fr\/azur\/inscription\/\">Conditions et Tarifs<\/a>\u00ab\u00a0. Les tarifs sont inchang\u00e9s par rapport \u00e0 l&rsquo;ann\u00e9e pr\u00e9c\u00e9dente. N&rsquo;oubliez pas que si vous venez en famille ou en amis, vous pouvez vous parrainer d\u00e8s la 2\u00e8me personne et b\u00e9n\u00e9ficier d&rsquo;une <strong>r\u00e9duction de 50%<\/strong>&#8230; Vive la pratique familiale et entre amis\u00a0!<\/p>\n<p style=\"padding-left: 30px;\">Vous pouvez d\u00e9j\u00e0 <a title=\"Formulaire d'inscription \u00e0 remplir\" href=\"https:\/\/equilibreazur.fr\/azur\/!box\/2012-Inscription-reglement.pdf\" target=\"_blank\"><strong>t\u00e9l\u00e9charger, imprimer et compl\u00e9ter le <span style=\"background-color: #ffff99;\">formulaire d&rsquo;inscription<\/span><\/strong><\/a> disponible ici. Cela permettra de faciliter les formalit\u00e9s.<br \/>\nLe paiement est \u00e0 effectuer en <strong>tout d\u00e9but de saison<\/strong> (possibilit\u00e9 de paiements diff\u00e9r\u00e9s).<\/p>\n<p style=\"padding-left: 30px;\"><a title=\"Formulaire d'inscription \u00e0 remplir\" href=\"https:\/\/equilibreazur.fr\/azur\/!box\/2012-Inscription-reglement.pdf\" target=\"_blank\"><img alt=\"\" loading=\"lazy\" decoding=\"async\" class=\"alignnone  wp-image-4329\" title=\"Inscription  Aiki Dojo\" src=\"https:\/\/equilibreazur.fr\/azur\/wp-content\/uploads\/2012\/08\/AikiDojoAzur-inscription-478x268.jpg\" alt=\"\" width=\"430\" height=\"241\" \/><\/a><\/p>\n<p><strong>Stages<\/strong><\/p>\n<p style=\"padding-left: 30px;\">Plusieurs stages seront propos\u00e9s durant la saison, consulter d\u00e8s \u00e0 pr\u00e9sent <a href=\"https:\/\/equilibreazur.fr\/azur\/!box\/stage\/2012-2013-Calendar-aikido.pdf\" target=\"_blank\">le calendrier 2012-2013<\/a> (fichier PDF), m\u00eame s&rsquo;il \u00e9voluera dans les prochaines semaines, vous pouvez d\u00e9j\u00e0 r\u00e9server les dates fix\u00e9es \u00e0 ce jour.<\/p>\n<p style=\"padding-left: 30px;\"><a title=\"Calendrier Stages Aikido &amp; Forum\" href=\"https:\/\/equilibreazur.fr\/azur\/!box\/stage\/2012-2013-Calendar-aikido.pdf\" target=\"_blank\"><img loading=\"lazy\" decoding=\"async\" title=\"telecharger-calendrier-stages\" src=\"https:\/\/equilibreazur.fr\/azur\/wp-content\/uploads\/2010\/09\/telecharger-calendrier-stages.jpg\" alt=\"Calendrier Aikido\" width=\"430\" height=\"243\" \/><\/a><\/p>\n<p><strong>Des questions&nbsp;?<\/strong><\/p>\n<p style=\"padding-left: 30px;\">Si vous avez la moindre question, n&rsquo;h\u00e9sitez pas \u00e0 nous envoyer un mail \u00e0 <strong>azur@aikidojo.fr<\/strong>, ou \u00e0 nous contacter au <strong>06.60.42.23.32<\/strong>.<br \/>\nVoir la <a title=\"Contacter Aiki Dojo Azur\" href=\"https:\/\/equilibreazur.fr\/azur\/contactez-nous\/\">Page contact<\/a>.<\/p>\n<p style=\"text-align: center;\">A TR\u00c8S BIENT\u00d4T SUR LES TATAMIS<br \/>\net<br \/>\nBONNE PRATIQUE DU BUDO&nbsp;!<\/p>\n","protected":false},"excerpt":{"rendered":"<p>C&rsquo;est la rentr\u00e9e scolaire 2012&#8230; et avec elle, les cours d&rsquo;Aikido reprennent enfin ! Finis les entrainements aux suburis dans le jardin&#8230; les cours en groupes avec les amis et compagnons du \u00ab\u00a0Aiki-Do\u00a0\u00bb&#8230; litteralement, \u00ab\u00a0voix de la paix\u00a0\u00bb. Retrouvez toutes les informations \u00e0 retenir pour la rentr\u00e9e !<\/p>\n","protected":false},"author":2,"featured_media":4329,"comment_status":"open","ping_status":"open","sticky":false,"template":"","format":"standard","meta":{"_acf_changed":false,"_seopress_robots_primary_cat":"","_seopress_titles_title":"","_seopress_titles_desc":"","_seopress_robots_index":"","generate_page_header":"","footnotes":""},"categories":[142],"tags":[248,95,101],"class_list":["post-4302","post","type-post","status-publish","format-standard","has-post-thumbnail","hentry","category-news","tag-aikido","tag-nice-grasse","tag-pdf","infinite-scroll-item","masonry-post","generate-columns","tablet-grid-50","mobile-grid-100","grid-parent","grid-50"],"acf":[],"_links":{"self":[{"href":"https:\/\/equilibreazur.fr\/azur\/wp-json\/wp\/v2\/posts\/4302","targetHints":{"allow":["GET"]}}],"collection":[{"href":"https:\/\/equilibreazur.fr\/azur\/wp-json\/wp\/v2\/posts"}],"about":[{"href":"https:\/\/equilibreazur.fr\/azur\/wp-json\/wp\/v2\/types\/post"}],"author":[{"embeddable":true,"href":"https:\/\/equilibreazur.fr\/azur\/wp-json\/wp\/v2\/users\/2"}],"replies":[{"embeddable":true,"href":"https:\/\/equilibreazur.fr\/azur\/wp-json\/wp\/v2\/comments?post=4302"}],"version-history":[{"count":25,"href":"https:\/\/equilibreazur.fr\/azur\/wp-json\/wp\/v2\/posts\/4302\/revisions"}],"predecessor-version":[{"id":4415,"href":"https:\/\/equilibreazur.fr\/azur\/wp-json\/wp\/v2\/posts\/4302\/revisions\/4415"}],"wp:featuredmedia":[{"embeddable":true,"href":"https:\/\/equilibreazur.fr\/azur\/wp-json\/wp\/v2\/media\/4329"}],"wp:attachment":[{"href":"https:\/\/equilibreazur.fr\/azur\/wp-json\/wp\/v2\/media?parent=4302"}],"wp:term":[{"taxonomy":"category","embeddable":true,"href":"https:\/\/equilibreazur.fr\/azur\/wp-json\/wp\/v2\/categories?post=4302"},{"taxonomy":"post_tag","embeddable":true,"href":"https:\/\/equilibreazur.fr\/azur\/wp-json\/wp\/v2\/tags?post=4302"}],"curies":[{"name":"wp","href":"https:\/\/api.w.org\/{rel}","templated":true}]}}