{"id":4171,"date":"2012-06-13T18:37:52","date_gmt":"2012-06-13T18:37:52","guid":{"rendered":"http:\/\/aikidoblog.net\/?p=4066"},"modified":"2021-05-17T09:13:20","modified_gmt":"2021-05-17T09:13:20","slug":"2012-06-stage-haucourt","status":"publish","type":"post","link":"https:\/\/equilibreazur.fr\/azur\/stages-calendrier\/2012-06-stage-haucourt\/","title":{"rendered":"06\/2012&nbsp;: Stage Aikido \u00e0 Haucourt St Charles"},"content":{"rendered":"<p>Sous l&rsquo;\u00e9gide d&rsquo;Aikido-3F et pour la 5<sup>eme<\/sup> fois, St\u00e9phane HVLAVACEK organise un stage avec AIKI DOJO AZUR et invite Eric SAVALLI.<\/p>\n<p><img loading=\"lazy\" decoding=\"async\" src=\"http:\/\/aikidoblog.net\/images\/stories\/articles\/people\/2009-12-Stage-Aikido-Herserange.jpg\" alt=\"2009-12-Stage-Aikido-Herserange\" width=\"478\" height=\"224\" \/><br \/>\n<span style=\"color: #888888;\"> E.Savalli et S.Hlavacek &#8211; Stage \u00e0 Herserange 12\/2009<\/span><\/p>\n<p>Eric, 5\u00e8me Dan Iwama Ryu, \u00e9tudie l\u2019Aikido depuis 1988 sous la direction de Daniel TOUTAIN Sensei (FAA &#8211; Fundamental Aikido Association) dont il est proche \u00e9l\u00e8ve. Il est r\u00e9guli\u00e8rement son assistant lors de stages en France ou \u00e0 l\u2019\u00e9tranger ainsi que lors de tournages pour la r\u00e9alisation de DVDs. Il suit \u00e9galement assidument l\u2019enseignement de SAITO Hitohira\u00a0Sensei (Iwama Shinshin Aiki Shurenkai) depuis 1993.<br \/>\nIl est l&rsquo;auteur du site consacr\u00e9 \u00e0 l&rsquo;aikido <a title=\"Blog Aikido\" href=\"http:\/\/aikidoblog.net\/\" target=\"_blank\" rel=\"noopener\">http:\/\/aikidoblog.net<\/a> et enseigne dans les alpes-maritimes (06) au sein de l&rsquo;<a title=\"Club Aikido 06\" href=\"https:\/\/equilibreazur.fr\/azur\/\" target=\"_blank\" rel=\"noopener\">Aiki Dojo Azur<\/a>.<\/p>\n<p>A cette occasion, Eric partagera l&rsquo;exp\u00e9rience acquise lors de stages qu&rsquo;il a suivi tout\u00a0r\u00e9cemment\u00a0\u00e0 Loctudy [D.TOUTAIN &#8211;\u00a0<a href=\"http:\/\/aikido-france.net\/academy-faa\/2012-04-stage-uchi-deschi-loctudy-bzh.html\" target=\"_blank\" rel=\"noopener\">lien<\/a>], <a href=\"http:\/\/aikidoblog.net\/fr\/aikido\/event\/2012-05-saito-morihiro-koshukai\/\">Turin<\/a> (kinen koshukai &#8211; Senpai seminar),\u00a0\u00a0<a href=\"http:\/\/aikidoblog.net\/fr\/aikido\/event\/2012-mai-aikido-bukiwaza-marseille\/\">Marseille<\/a>\u00a0(D.TOUTAIN), <a href=\"http:\/\/aikidoblog.net\/fr\/aikido\/event\/2012-inter-aiki-fscf\/\">Buis-les-baronnies<\/a>\u00a0(collectif), <a href=\"http:\/\/aikidoblog.net\/fr\/aikido\/event\/2012-juin-inter-club-lannion\/\">Lannion<\/a>\u00a0(collectif) et <a href=\"http:\/\/aikidoblog.net\/fr\/aikido\/event\/2012-06-saito-sensei-italy\/\">Podernone<\/a>\u00a0(SAITO\u00a0H.)<\/p>\n<p><strong>PROGRAMME<\/strong><\/p>\n<p style=\"padding-left: 30px;\"><strong>Samedi 30 Juin<\/strong><\/p>\n<p style=\"padding-left: 30px;\">10:00-11:00 <strong>Aiki-Ken 1<\/strong><br \/>\n11:00-12:00 <strong>Aiki-Ken 2<\/strong><br \/>\n12:00 Pique-nique sur place (ou sandwich 4\u20ac *)<br \/>\n13:00-14:00 <strong>Taijutsu 1<\/strong><br \/>\n14:00-15:00 <strong>Taijutsu 2<\/strong><br \/>\n15:00-16:00 <strong>Special keiko\u00a0\u00a0<\/strong>(cf. note 1)<br \/>\n20:00 <span style=\"background-color: #ffff99;\">Repas&nbsp;\u00ab\u00a010 ans Aikido3f\u00a0\u00bb<\/span> (cf. note 2)<\/p>\n<p style=\"padding-left: 30px;\"><strong>Dimanche 1 Juillet<\/strong><\/p>\n<p style=\"padding-left: 30px;\">10:00-10:30 M\u00e9ditation<br \/>\n10:30-11:30\u00a0<strong>Aiki-Jo 1<\/strong><br \/>\n11:30-12:30 <strong>Aiki-Jo 2<\/strong><\/p>\n<p><strong>PARTICIPATION<\/strong><\/p>\n<p style=\"padding-left: 30px;\">Stage complet&nbsp;: \u20ac 55<br \/>\n1 cours&nbsp;: \u20ac 10<br \/>\nRepas&nbsp;\u00ab\u00a0Party 10 ans Aikido-3f\u00a0\u00bb&nbsp;: \u20ac 30\u00a0(cf. note 2)<\/p>\n<p><strong>HEBERGEMENT CONSEILLE<\/strong><\/p>\n<p style=\"padding-left: 30px;\">Saveurs de nos contr\u00e9es<br \/>\n120 Av. R. Poincar\u00e9<br \/>\n54400 Longwy<br \/>\n03 82 23 40 98<\/p>\n<p><strong>INFORMATIONS<\/strong><\/p>\n<p style=\"padding-left: 30px;\">Stage ouvert \u00e0 tous. Certificat d\u2019assurance ou licence obligatoire.<br \/>\nPr\u00e9voir Ken et Jo et chaussures de sport en cas de pratique des armes hors tatamis.<\/p>\n<p style=\"padding-left: 30px;\"><strong>* Note 1<\/strong><br \/>\nSp\u00e9cial Keiko&nbsp;: 3eme Kyu et plus<\/p>\n<p style=\"padding-left: 30px;\"><strong>* Note 2<\/strong><br \/>\nPossibilit\u00e9 de command\u00e9 des <strong>sandwich 4\u20ac\u00a0: R\u00e9servation avant le 20 JUIN<br \/>\n<\/strong>R\u00e9servez votre place pour<strong> le repas des 10 ans&nbsp;\u00ab\u00a0Aikido-3f\u00a0\u00bb&nbsp;: <\/strong><strong>R\u00e9servation avant le 20 JUIN<\/strong><\/p>\n<p><strong>RESERVEZ VOTRE PLACE<\/strong><\/p>\n<p style=\"padding-left: 30px;\">R\u00e9servez votre place pour\u00a0le <span style=\"background-color: #ffff99;\">repas des 10 ans&nbsp;\u00ab\u00a0Aikido-3f\u00a0\u00bb<\/span>&#8230;<br \/>\n<strong>R\u00e9servation avant le 20 JUIN<\/strong>.<\/p>\n<p><strong>AFFICHE DU STAGE<\/strong><\/p>\n<p style=\"padding-left: 30px;\"><a title=\"Stage Aikido 54\" href=\"http:\/\/aikidoblog.net\/wp-content\/uploads\/2012\/06\/2012-06-Haucourt-54.pdf\" target=\"_blank\" rel=\"noopener\"><img alt=\"\" loading=\"lazy\" decoding=\"async\" class=\"size-full wp-image-4069 alignnone\" title=\"2012-06-affiche-stage-aikido\" src=\"http:\/\/aikidoblog.net\/wp-content\/uploads\/2012\/06\/2012-06-affiche-stage-aikido.jpg\" alt=\"\" width=\"200\" height=\"283\" \/><br \/>\nT\u00e9l\u00e9charger l&rsquo;affiche<\/a><\/p>\n<p><strong>PLUS D&rsquo;INFO<\/strong><\/p>\n<p><!--more--><\/p>\n<ul>\n<li>Le site Aikido3f de St\u00e9phane&nbsp;:<br \/>\n<a href=\"http:\/\/aikido3f.com\" target=\"_blank\" rel=\"noopener\">http:\/\/aikido3f.com<\/a><\/li>\n<li>Une interview de St\u00e9phane&nbsp;:<br \/>\n<a href=\"http:\/\/aikidoblog.net\/fr\/interviews\/2010-12-stephane-hlavacek\/\">2010-12-interview-stephane-hlavacek<\/a><\/li>\n<\/ul>\n<p><strong>PHOTOS &#8211; E.SAVALLI<\/strong><\/p>\n[nggallery id=8]\n","protected":false},"excerpt":{"rendered":"<p>5eme stage d&rsquo;Aikido avec Eric Savalli, 5e Dan, \u00e0 l&rsquo;Aikido-3f, \u00e0 Haucourt Saint-Charles. Eric est \u00e9l\u00e8ve des ma\u00eetres D. TOUTAIN et SAITO H. et enseigne l&rsquo;Aikido depuis plus de 20 ans.<\/p>\n","protected":false},"author":2,"featured_media":2006,"comment_status":"open","ping_status":"open","sticky":false,"template":"","format":"standard","meta":{"_acf_changed":false,"_seopress_robots_primary_cat":"","_seopress_titles_title":"","_seopress_titles_desc":"5eme stage d&#039;Aikido avec Eric Savalli, 5e Dan, \u00e0 l&#039;Aikido-3f, \u00e0 Haucourt Saint-Charles. Eric est \u00e9l\u00e8ve des ma\u00eetres D. TOUTAIN et SAITO H. et enseigne l&#039;Aikido depuis plus de 20 ans.","_seopress_robots_index":"","generate_page_header":"","footnotes":""},"categories":[197],"tags":[60,199],"class_list":["post-4171","post","type-post","status-publish","format-standard","has-post-thumbnail","hentry","category-stages-calendrier","tag-haucourt","tag-s-hlavacek","infinite-scroll-item","masonry-post","generate-columns","tablet-grid-50","mobile-grid-100","grid-parent","grid-50"],"acf":[],"_links":{"self":[{"href":"https:\/\/equilibreazur.fr\/azur\/wp-json\/wp\/v2\/posts\/4171","targetHints":{"allow":["GET"]}}],"collection":[{"href":"https:\/\/equilibreazur.fr\/azur\/wp-json\/wp\/v2\/posts"}],"about":[{"href":"https:\/\/equilibreazur.fr\/azur\/wp-json\/wp\/v2\/types\/post"}],"author":[{"embeddable":true,"href":"https:\/\/equilibreazur.fr\/azur\/wp-json\/wp\/v2\/users\/2"}],"replies":[{"embeddable":true,"href":"https:\/\/equilibreazur.fr\/azur\/wp-json\/wp\/v2\/comments?post=4171"}],"version-history":[{"count":5,"href":"https:\/\/equilibreazur.fr\/azur\/wp-json\/wp\/v2\/posts\/4171\/revisions"}],"predecessor-version":[{"id":8749,"href":"https:\/\/equilibreazur.fr\/azur\/wp-json\/wp\/v2\/posts\/4171\/revisions\/8749"}],"wp:featuredmedia":[{"embeddable":true,"href":"https:\/\/equilibreazur.fr\/azur\/wp-json\/wp\/v2\/media\/2006"}],"wp:attachment":[{"href":"https:\/\/equilibreazur.fr\/azur\/wp-json\/wp\/v2\/media?parent=4171"}],"wp:term":[{"taxonomy":"category","embeddable":true,"href":"https:\/\/equilibreazur.fr\/azur\/wp-json\/wp\/v2\/categories?post=4171"},{"taxonomy":"post_tag","embeddable":true,"href":"https:\/\/equilibreazur.fr\/azur\/wp-json\/wp\/v2\/tags?post=4171"}],"curies":[{"name":"wp","href":"https:\/\/api.w.org\/{rel}","templated":true}]}}