{"id":4131,"date":"2012-03-04T19:06:03","date_gmt":"2012-03-04T19:06:03","guid":{"rendered":"https:\/\/equilibreazur.fr\/azur\/?p=4131"},"modified":"2016-05-23T17:41:26","modified_gmt":"2016-05-23T17:41:26","slug":"2012-06-olympiade-chateauneuf","status":"publish","type":"post","link":"https:\/\/equilibreazur.fr\/azur\/news\/2012-06-olympiade-chateauneuf\/","title":{"rendered":"7eme Olympiades \u00e0 Chateauneuf de Grasse"},"content":{"rendered":"<p>Apr\u00e8s 2008, les 7eme \u00e9dition des olympiades organis\u00e9es par la mairie de Chateuneuf de Grasse aura lieu cette ann\u00e9e en 2012, les 22, 23 et 24 Juin, Stade du Plantier.<\/p>\n<p><a href=\"https:\/\/equilibreazur.fr\/azur\/wp-content\/uploads\/2012\/03\/photo-131794.jpg\"><img alt=\"\" loading=\"lazy\" decoding=\"async\" class=\"alignnone size-medium wp-image-4134\" title=\"photo (c) nice matin\" src=\"https:\/\/equilibreazur.fr\/azur\/wp-content\/uploads\/2012\/03\/photo-131794-478x276.jpg\" alt=\"\" width=\"478\" height=\"276\" srcset=\"https:\/\/equilibreazur.fr\/azur\/wp-content\/uploads\/2012\/03\/photo-131794-478x276.jpg 478w, https:\/\/equilibreazur.fr\/azur\/wp-content\/uploads\/2012\/03\/photo-131794-150x86.jpg 150w, https:\/\/equilibreazur.fr\/azur\/wp-content\/uploads\/2012\/03\/photo-131794-400x231.jpg 400w, https:\/\/equilibreazur.fr\/azur\/wp-content\/uploads\/2012\/03\/photo-131794.jpg 500w\" sizes=\"auto, (max-width: 478px) 100vw, 478px\" \/><\/a><br \/>\n<span style=\"color: #888888;\">Olympiade 2008 &#8211; source photo: G.M. pour Nice Matin&nbsp;\u00a0<\/span><\/p>\n<p>&nbsp;\u00ab\u00a0Les Olympiades\u00a0\u00bb est\u00a0une manifestation sportive.. \u00e0 l&rsquo;instar des jeux Olympiques, mais pour les enfants&nbsp;! Ce sont les \u00e9coles des communes aux alentours de Ch\u00e2teauneuf qui participent\u00a0:\u00a0<strong>Roquefort les pins\/ Le\u00a0Rouret \/ Opio\/ Gourdon\/ Bar\u00a0sur\u00a0loup \/ Magagnosc <\/strong>et\u00a0<strong>Ch\u00e2teauneuf&nbsp;\u00a0de Grasse<\/strong>.<\/p>\n<p><a href=\"https:\/\/equilibreazur.fr\/azur\/wp-content\/uploads\/2012\/03\/2012-06-24olympiade.png\"><img alt=\"\" loading=\"lazy\" decoding=\"async\" class=\"alignleft size-full wp-image-4158\" style=\"margin-right: 10px;\" title=\"2012-06-24olympiade\" src=\"https:\/\/equilibreazur.fr\/azur\/wp-content\/uploads\/2012\/03\/2012-06-24olympiade.png\" alt=\"\" width=\"144\" height=\"203\" srcset=\"https:\/\/equilibreazur.fr\/azur\/wp-content\/uploads\/2012\/03\/2012-06-24olympiade.png 144w, https:\/\/equilibreazur.fr\/azur\/wp-content\/uploads\/2012\/03\/2012-06-24olympiade-106x150.png 106w\" sizes=\"auto, (max-width: 144px) 100vw, 144px\" \/><\/a>Les enfants seront par \u00e9quipes de 20&nbsp;: 10\u00a0C.E\u00a0et 10\u00a0C.M. Chaque \u00e9quipe se rencontre durant ce week-end. Le dimanche, en fin d&rsquo;apr\u00e8s midi, un classement des \u00e9quipes est r\u00e9alis\u00e9 en fonction des points obtenus&nbsp;: coupes et m\u00e9dailles pour les vainqueurs et les participants\u00a0!\u00a0Les \u00e9quipes de 20 enfants sont encadr\u00e9es par des adolescents de 12\u00a0ans minimum.<\/p>\n<p>Lors de la c\u00e9r\u00e9monie d&rsquo;ouverture un sportif de renom viendra allumer <strong>la flamme des Olympiades<\/strong> et reviendra aussi l&rsquo;\u00e9teindre le dimanche soir \u00e0 la fin des jeux.<\/p>\n<p>Apr\u00e8s&nbsp;\u00ab\u00a0Les Capitales\u00a0\u00bb il y a 8 ans, et&nbsp;\u00ab\u00a0les animaux en voie de disparition\u00a0\u00bb il y a 4\u00a0ans, cette ann\u00e9e le th\u00e8me des Olympiades vot\u00e9 par les jeunes est&nbsp;\u00ab\u00a0<strong>Les Dieux et D\u00e9esses de la mythologie Grecque<\/strong>\u00ab\u00a0&#8230; tout un programme\u00a0!<\/p>\n<p>Le samedi, les jeux commencent \u00e0 14h et se termineront le dimanche vers 18h.<\/p>\n<p>Il y aura certainement une d\u00e9monstration d&rsquo;Aikido, de\u00a0Jujitsu et de Karat\u00e9 lors de la c\u00e9r\u00e9monie d&rsquo;ouverture&#8230;<\/p>\n<div>\n<p><strong>D\u00e9tail de la c\u00e9r\u00e9monie d\u2019ouverture<\/strong><\/p>\n<p style=\"padding-left: 30px;\">21h15 Mot de l\u2019adjointe aux sports et de la Pr\u00e9sidente<\/p>\n<p style=\"padding-left: 30px;\">21h20 Pr\u00e9sentation du groupe de majorette suivi du d\u00e9fil\u00e9 des associations sportives de la commune<\/p>\n<p style=\"padding-left: 30px;\">21H25 Arriv\u00e9e des d\u00e9l\u00e9gations<\/p>\n<p style=\"padding-left: 30px;\">21h35 Serment des vainqueurs de la foul\u00e9e verte avec les arbitres<\/p>\n<p style=\"padding-left: 30px;\">21h40 Chor\u00e9graphie des CP et des Maternelle<\/p>\n<p style=\"padding-left: 30px;\">21h50 Arriv\u00e9e de la flamme<\/p>\n<p style=\"padding-left: 30px;\">21h55 D\u00e9couverte du drapeau et du fanion de la commune<\/p>\n<p style=\"padding-left: 30px;\">21h55 Mot de Mr le Maire<\/p>\n<p style=\"padding-left: 30px;\">22h00 Lei Meissuguie (10 min)<\/p>\n<p style=\"padding-left: 30px;\">22h10 Mise en place des Tatamis<\/p>\n<p style=\"padding-left: 30px;\"><strong>22h13 Karat\u00e9\u00a0\/ Jujitsu \/ A\u00efkido<\/strong> (15mn)<\/p>\n<p style=\"padding-left: 30px;\">22h28 G.V. (10mn)<\/p>\n<p style=\"padding-left: 30px;\">22h38 Retrait des Tatamis<\/p>\n<p style=\"padding-left: 30px;\">22h40 Ecole du cirque (20mn)<\/p>\n<p style=\"padding-left: 30px;\">23h00 Feux d\u2019artifice<\/p>\n<\/div>\n<p><strong>Contact<\/strong><\/p>\n<p style=\"padding-left: 30px;\">N&rsquo;h\u00e9sitez pas \u00e0 contacter Julie KUCHENBUCH\u00a0qui a \u00e9t\u00e9 \u00e9lue par les ados pour s&rsquo;occuper de l&rsquo;organisation de l&rsquo;\u00e9v\u00e9nement [<a href=\"mailto:juliedu_06@hotmail.fr\">email<\/a>] avec l&rsquo;aide d&rsquo;Heldwige\u00a0QUEMY, responsable aux sports,\u00a0adjointe de Monsieur le Maire de Chateauneuf.<\/p>\n<p><strong>Pour aller plus loin&#8230;<\/strong><\/p>\n<ul>\n<li>Article 2008 de Nice Matin<br \/>\n<a title=\"olympiades\" href=\"http:\/\/www.nicematin.com\/article\/loisirs\/chateauneuf-grasse-les-vies-olympiades-sont-ouvertes.50596.html\" target=\"_blank\">Olympiades 2008<\/a><\/li>\n<li>Mairie de Chateauneuf<br \/>\n<a href=\"http:\/\/www.ville-chateauneuf.fr\/\" target=\"_blank\">http:\/\/www.ville-chateauneuf.fr<\/a><\/li>\n<\/ul>\n<p><strong>[Mise \u00e0 jour 08\/2012] Vid\u00e9o de la d\u00e9monstration<\/strong><\/p>\n<p><iframe loading=\"lazy\" width=\"1200\" height=\"675\" src=\"https:\/\/www.youtube.com\/embed\/oHn3oE3Mnt0?feature=oembed\" frameborder=\"0\" allowfullscreen><\/iframe><\/p>\n<p>Cette d\u00e9monstration a \u00e9t\u00e9 r\u00e9alis\u00e9e sous la co-direction de\u00a0Laurence\u00a0MANTELET et Fr\u00e9d\u00e9ric\u00a0GROUT, tous deux yundansha (ceintures noires).<\/p>\n","protected":false},"excerpt":{"rendered":"<p>Apr\u00e8s 2008, les 7eme \u00e9dition des olympiades organis\u00e9es par la mairie de Chateuneuf de Grasse aura lieu cette ann\u00e9e en 2012, les 22, 23 et 24 Juin, Stade du Plantier. Olympiade 2008 &#8211; source photo: G.M. pour Nice Matin&nbsp;\u00a0 &nbsp;\u00ab\u00a0Les &#8230; <a title=\"7eme Olympiades \u00e0 Chateauneuf de Grasse\" class=\"read-more\" href=\"https:\/\/equilibreazur.fr\/azur\/news\/2012-06-olympiade-chateauneuf\/\" aria-label=\"En savoir plus sur 7eme Olympiades \u00e0 Chateauneuf de Grasse\">Voir plus&#8230;<\/a><\/p>\n","protected":false},"author":2,"featured_media":4134,"comment_status":"open","ping_status":"open","sticky":false,"template":"","format":"standard","meta":{"_acf_changed":false,"_seopress_robots_primary_cat":"","_seopress_titles_title":"","_seopress_titles_desc":"","_seopress_robots_index":"","generate_page_header":"","footnotes":""},"categories":[142],"tags":[248,254,212,95,205],"class_list":["post-4131","post","type-post","status-publish","format-standard","has-post-thumbnail","hentry","category-news","tag-aikido","tag-f-grout","tag-l-mantelet","tag-nice-grasse","tag-video","infinite-scroll-item","masonry-post","generate-columns","tablet-grid-50","mobile-grid-100","grid-parent","grid-50"],"acf":[],"_links":{"self":[{"href":"https:\/\/equilibreazur.fr\/azur\/wp-json\/wp\/v2\/posts\/4131","targetHints":{"allow":["GET"]}}],"collection":[{"href":"https:\/\/equilibreazur.fr\/azur\/wp-json\/wp\/v2\/posts"}],"about":[{"href":"https:\/\/equilibreazur.fr\/azur\/wp-json\/wp\/v2\/types\/post"}],"author":[{"embeddable":true,"href":"https:\/\/equilibreazur.fr\/azur\/wp-json\/wp\/v2\/users\/2"}],"replies":[{"embeddable":true,"href":"https:\/\/equilibreazur.fr\/azur\/wp-json\/wp\/v2\/comments?post=4131"}],"version-history":[{"count":6,"href":"https:\/\/equilibreazur.fr\/azur\/wp-json\/wp\/v2\/posts\/4131\/revisions"}],"predecessor-version":[{"id":6676,"href":"https:\/\/equilibreazur.fr\/azur\/wp-json\/wp\/v2\/posts\/4131\/revisions\/6676"}],"wp:featuredmedia":[{"embeddable":true,"href":"https:\/\/equilibreazur.fr\/azur\/wp-json\/wp\/v2\/media\/4134"}],"wp:attachment":[{"href":"https:\/\/equilibreazur.fr\/azur\/wp-json\/wp\/v2\/media?parent=4131"}],"wp:term":[{"taxonomy":"category","embeddable":true,"href":"https:\/\/equilibreazur.fr\/azur\/wp-json\/wp\/v2\/categories?post=4131"},{"taxonomy":"post_tag","embeddable":true,"href":"https:\/\/equilibreazur.fr\/azur\/wp-json\/wp\/v2\/tags?post=4131"}],"curies":[{"name":"wp","href":"https:\/\/api.w.org\/{rel}","templated":true}]}}