{"id":4124,"date":"2012-02-26T17:14:22","date_gmt":"2012-02-26T17:14:22","guid":{"rendered":"https:\/\/equilibreazur.fr\/azur\/?p=4124"},"modified":"2015-11-17T19:08:58","modified_gmt":"2015-11-17T19:08:58","slug":"2012-02-vacances-scolaires-aikido","status":"publish","type":"post","link":"https:\/\/equilibreazur.fr\/azur\/news\/2012-02-vacances-scolaires-aikido\/","title":{"rendered":"P\u00e9riode de vacances scolaires &#8211; F\u00e9vrier 2012"},"content":{"rendered":"<p>Durant toute la p\u00e9riode des vacances scolaires de f\u00e9vrier, <strong>les cours sont maintenus comme d&rsquo;habitude<\/strong>: les mardis, jeudis et vendredis.<\/p>\n<p>Noubliez pas le stage mensuel qui a lieu \u00e0 Ch\u00e2teauneuf de Grasse le <strong>samedi 03 mars prochain<\/strong>&nbsp;: voir <a title=\"Stage Aikido Le Rouret\" href=\"https:\/\/equilibreazur.fr\/azur\/stages-calendrier\/2012-mars-stage-aikido\/\" target=\"_blank\">les infos du stage<\/a>.<br \/>\nRetrouvez <a title=\"Stages Aikido\" href=\"https:\/\/equilibreazur.fr\/azur\/stages-aikido\/\" target=\"_blank\">tous les stages d&rsquo;Aikido<\/a> sur Aiki-Dojo.fr.<\/p>\n<p><a href=\"https:\/\/equilibreazur.fr\/azur\/wp-content\/uploads\/2010\/11\/2010-09-StJeaume.jpg\"><img loading=\"lazy\" decoding=\"async\" class=\"alignnone size-full wp-image-1387\" title=\"2010-09-StJeaume\" src=\"https:\/\/equilibreazur.fr\/azur\/wp-content\/uploads\/2010\/11\/2010-09-StJeaume.jpg\" alt=\"Cours \u00e0 la salle du Bois de St Jeaume\" width=\"478\" height=\"275\" \/><\/a><\/p>\n","protected":false},"excerpt":{"rendered":"<p>Durant toute la p\u00e9riode des vacances scolaires de f\u00e9vrier, les cours sont maintenus comme d&rsquo;habitude: les mardis, jeudis et vendredis. Noubliez pas le stage mensuel qui a lieu \u00e0 Ch\u00e2teauneuf de Grasse le samedi 03 mars prochain&nbsp;: voir les infos &#8230; <a title=\"P\u00e9riode de vacances scolaires &#8211; F\u00e9vrier 2012\" class=\"read-more\" href=\"https:\/\/equilibreazur.fr\/azur\/news\/2012-02-vacances-scolaires-aikido\/\" aria-label=\"En savoir plus sur P\u00e9riode de vacances scolaires &#8211; F\u00e9vrier 2012\">Voir plus&#8230;<\/a><\/p>\n","protected":false},"author":2,"featured_media":1387,"comment_status":"closed","ping_status":"open","sticky":false,"template":"","format":"standard","meta":{"_acf_changed":false,"_seopress_robots_primary_cat":"","_seopress_titles_title":"","_seopress_titles_desc":"","_seopress_robots_index":"","generate_page_header":"","footnotes":""},"categories":[142],"tags":[],"class_list":["post-4124","post","type-post","status-publish","format-standard","has-post-thumbnail","hentry","category-news","infinite-scroll-item","masonry-post","generate-columns","tablet-grid-50","mobile-grid-100","grid-parent","grid-50"],"acf":[],"_links":{"self":[{"href":"https:\/\/equilibreazur.fr\/azur\/wp-json\/wp\/v2\/posts\/4124","targetHints":{"allow":["GET"]}}],"collection":[{"href":"https:\/\/equilibreazur.fr\/azur\/wp-json\/wp\/v2\/posts"}],"about":[{"href":"https:\/\/equilibreazur.fr\/azur\/wp-json\/wp\/v2\/types\/post"}],"author":[{"embeddable":true,"href":"https:\/\/equilibreazur.fr\/azur\/wp-json\/wp\/v2\/users\/2"}],"replies":[{"embeddable":true,"href":"https:\/\/equilibreazur.fr\/azur\/wp-json\/wp\/v2\/comments?post=4124"}],"version-history":[{"count":5,"href":"https:\/\/equilibreazur.fr\/azur\/wp-json\/wp\/v2\/posts\/4124\/revisions"}],"predecessor-version":[{"id":6392,"href":"https:\/\/equilibreazur.fr\/azur\/wp-json\/wp\/v2\/posts\/4124\/revisions\/6392"}],"wp:featuredmedia":[{"embeddable":true,"href":"https:\/\/equilibreazur.fr\/azur\/wp-json\/wp\/v2\/media\/1387"}],"wp:attachment":[{"href":"https:\/\/equilibreazur.fr\/azur\/wp-json\/wp\/v2\/media?parent=4124"}],"wp:term":[{"taxonomy":"category","embeddable":true,"href":"https:\/\/equilibreazur.fr\/azur\/wp-json\/wp\/v2\/categories?post=4124"},{"taxonomy":"post_tag","embeddable":true,"href":"https:\/\/equilibreazur.fr\/azur\/wp-json\/wp\/v2\/tags?post=4124"}],"curies":[{"name":"wp","href":"https:\/\/api.w.org\/{rel}","templated":true}]}}