{"id":3702,"date":"2012-03-14T08:19:14","date_gmt":"2012-03-14T08:19:14","guid":{"rendered":"http:\/\/aikidoblog.net\/?p=3702"},"modified":"2013-12-16T09:58:38","modified_gmt":"2013-12-16T09:58:38","slug":"2012-avril-aikido-bordeaux","status":"publish","type":"post","link":"https:\/\/equilibreazur.fr\/azur\/stages-calendrier\/2012-avril-aikido-bordeaux\/","title":{"rendered":"2012 Avril \u2013 [ANNULE] Stage Armes Aikido &#8211; Mussidan Dordogne (24)"},"content":{"rendered":"<div>\n<p><span style=\"color: #ff0000;\">Stage Annul\u00e9 en raison d&rsquo;un probl\u00e8me avec la r\u00e9servation de la salle.<\/span><\/p>\n<p><strong>AIKIDO &#8211; 2eme stage en Dordogne (24)<br \/>\nSam 07 \/\u00a0Dim 08 Avril 2012<\/strong><\/p>\n<p><strong><img loading=\"lazy\" decoding=\"async\" class=\"alignnone size-full wp-image-1223\" title=\"2007-06-11-ESavalli-Aikido\" alt=\"Cours d'Aikido ES\" src=\"http:\/\/aikidoblog.net\/wp-content\/uploads\/2007-06-11-ESavalli-Aikido.jpg\" width=\"478\" height=\"275\" \/><br \/>\n<\/strong><\/p>\n<p style=\"padding-left: 30px;\">Avec&#8230;<\/p>\n<p style=\"padding-left: 30px;\"><strong>Eric SAVALLI<\/strong> [<a href=\"https:\/\/equilibreazur.fr\/azur\/dojocho\" target=\"_blank\">lien<\/a>\u00a0&#8211; AIKI DOJO AZUR]\n5e Dan Aikido &#8211; Iwama Ryu<br \/>\nEl\u00e8ve de Daniel TOUTAIN Sensei et de SAITO Hitohira Sensei<\/p>\n<p style=\"padding-left: 30px;\"><!--more--><\/p>\n<p><strong>INFORMATION<\/strong><\/p>\n<p style=\"padding-left: 30px;\">Ce stage, organis\u00e9 par Patrick HUET, a lieu le <strong>Samedi apr\u00e8s midi<\/strong> et le <strong>Dimanche matin<\/strong>, 06\/07\u00a0avril\u00a02012,\u00a0en r\u00e9gion de Dordogne (24) \u00e0 moins d&rsquo;une heure de Bordeaux.<\/p>\n<p style=\"padding-left: 30px;\">Le stage est ouvert \u00e0 <strong>tous les pratiquants d&rsquo;Aikido<\/strong>, d\u00e9butants ou confirm\u00e9s, et de toutes \u00e9coles ou f\u00e9d\u00e9rations.<\/p>\n<p style=\"padding-left: 30px;\">Patrick HUET enseigne l&rsquo;Aikido \u00e0 NEUVIC et MUSSIDAN au sein de la FFAB.<br \/>\nIl a fait la connaissance d&rsquo;Eric SAVALLI lors d&rsquo;un 1er stage \u00e0 Mussidan en \u00e9t\u00e9 2011.<\/p>\n<p style=\"padding-left: 30px;\">En cas de modification de derni\u00e8re minutes, inscrivez votre email pour recevoir notre\u00a0<a title=\"Lettre d'information et blog Aikido\" href=\"http:\/\/aikidoblog.net\/fr\/news\/lettre-information\/\">lettre d&rsquo;<strong>information<\/strong><\/a>.<\/p>\n<p><strong>PROGRAMME<\/strong><\/p>\n<p style=\"padding-left: 30px;\"><strong>Samedi 07<\/strong><br \/>\n14:00-15:00 Bokken Suburi<br \/>\n15:00-16:45 Bokken&nbsp;: Travail \u00e0 deux<br \/>\n16:45-17:45\u00a0Bokken&nbsp;: Ken contre mains nues<br \/>\n17:45-18:15 Jo&nbsp;: Suburi<br \/>\n<strong>Dimanche 08<\/strong><br \/>\n09:00-09:45 M\u00e9ditation\/Suburi<br \/>\n10:00-12:30 Jo&nbsp;: Travail \u00e0 deux<\/p>\n<p style=\"padding-left: 30px;\">Des pauses et\u00a0des moments de questions\/r\u00e9ponses seront faits effectu\u00e9s entre les cours.<\/p>\n<p><strong>LIEU<\/strong><\/p>\n<p style=\"padding-left: 30px;\">Contacter l&rsquo;organisateur du stage&nbsp;:<strong><br \/>\ns340625@9online.fr<br \/>\n06 12 61 68 77\u00a0<\/strong><\/p>\n<p><strong>PARTICIPATION<\/strong><\/p>\n<p style=\"padding-left: 30px;\">1 Journ\u00e9e&nbsp;: 20\u20ac<br \/>\nStage complet&nbsp;: 25\u20ac<\/p>\n<p><strong>AFFICHE<\/strong><\/p>\n<p style=\"padding-left: 30px;\">Attention&nbsp;: le programme du stage \u00e0 changer.<br \/>\nLe stage sera consacr\u00e9 \u00e0 l&rsquo;\u00e9tude du travail des armes&nbsp;: Aiki-Ken et Aiki-Jo.<a title=\"Affiche stage Aikido Mussidan 2012\" href=\"http:\/\/aikidoblog.net\/wp-content\/uploads\/2012\/03\/2012-04-mussidan.pdf\" target=\"_blank\"><br \/>\n<img alt=\"\" loading=\"lazy\" decoding=\"async\" class=\"alignnone  wp-image-3720\" title=\"2012-04-mussidan\" alt=\"\" src=\"http:\/\/aikidoblog.net\/wp-content\/uploads\/2012\/03\/2012-04-mussidan-338x478.jpg\" width=\"203\" height=\"287\" \/><\/a><br \/>\nFichier PDF de\u00a0l&rsquo;affiche du stage \u00e0 t\u00e9l\u00e9charger&nbsp;:<br \/>\n<a href=\"http:\/\/aikidoblog.net\/wp-content\/uploads\/2012\/03\/2012-04-mussidan.pdf\">2012-04-mussidan<\/a>.<\/p>\n<\/div>\n","protected":false},"excerpt":{"rendered":"<p>Stage d&rsquo;Aikido en r\u00e9gion de Bordeaux (Dordogne) avec Eric Savalli 5e Dan.<\/p>\n","protected":false},"author":2,"featured_media":1223,"comment_status":"open","ping_status":"open","sticky":false,"template":"","format":"standard","meta":{"_acf_changed":false,"_seopress_robots_primary_cat":"","_seopress_titles_title":"","_seopress_titles_desc":"2eme stage d&#039;AIKIDO en Dordogne avec Eric.Savalli, 5eme Dan, \u00e9l\u00e8ve de Daniel TOUTAIN depuis 1988.","_seopress_robots_index":"","generate_page_header":"","footnotes":""},"categories":[197],"tags":[175,51,202],"class_list":["post-3702","post","type-post","status-publish","format-standard","has-post-thumbnail","hentry","category-stages-calendrier","tag-bukiwaza","tag-fscf","tag-mussidan","infinite-scroll-item","masonry-post","generate-columns","tablet-grid-50","mobile-grid-100","grid-parent","grid-50"],"acf":[],"_links":{"self":[{"href":"https:\/\/equilibreazur.fr\/azur\/wp-json\/wp\/v2\/posts\/3702","targetHints":{"allow":["GET"]}}],"collection":[{"href":"https:\/\/equilibreazur.fr\/azur\/wp-json\/wp\/v2\/posts"}],"about":[{"href":"https:\/\/equilibreazur.fr\/azur\/wp-json\/wp\/v2\/types\/post"}],"author":[{"embeddable":true,"href":"https:\/\/equilibreazur.fr\/azur\/wp-json\/wp\/v2\/users\/2"}],"replies":[{"embeddable":true,"href":"https:\/\/equilibreazur.fr\/azur\/wp-json\/wp\/v2\/comments?post=3702"}],"version-history":[{"count":3,"href":"https:\/\/equilibreazur.fr\/azur\/wp-json\/wp\/v2\/posts\/3702\/revisions"}],"predecessor-version":[{"id":5196,"href":"https:\/\/equilibreazur.fr\/azur\/wp-json\/wp\/v2\/posts\/3702\/revisions\/5196"}],"wp:featuredmedia":[{"embeddable":true,"href":"https:\/\/equilibreazur.fr\/azur\/wp-json\/wp\/v2\/media\/1223"}],"wp:attachment":[{"href":"https:\/\/equilibreazur.fr\/azur\/wp-json\/wp\/v2\/media?parent=3702"}],"wp:term":[{"taxonomy":"category","embeddable":true,"href":"https:\/\/equilibreazur.fr\/azur\/wp-json\/wp\/v2\/categories?post=3702"},{"taxonomy":"post_tag","embeddable":true,"href":"https:\/\/equilibreazur.fr\/azur\/wp-json\/wp\/v2\/tags?post=3702"}],"curies":[{"name":"wp","href":"https:\/\/api.w.org\/{rel}","templated":true}]}}