{"id":3232,"date":"2011-11-01T08:49:35","date_gmt":"2011-11-01T08:49:35","guid":{"rendered":"http:\/\/aikidoblog.net\/stage\/2011-12-aikido-marseille.html"},"modified":"2015-11-17T19:12:40","modified_gmt":"2015-11-17T19:12:40","slug":"2011-12-aikido-marseille","status":"publish","type":"post","link":"https:\/\/equilibreazur.fr\/azur\/stages-calendrier\/2011-12-aikido-marseille\/","title":{"rendered":"2011 D\u00e9cembre \u2013 Stage Aikido R\u00e9gional \u00e0 Marseille"},"content":{"rendered":"<p><strong>Samedi 03 &#8211; Dimanche 04 D\u00e9cembre 2011 &#8211; Marseille<\/strong> (13)<br \/>\nStage r\u00e9gional d&rsquo;AIKIDO avec Daniel TOUTAIN Sensei, \u00e9l\u00e8ve de feu Ma\u00eetre SAITO Morihiro&nbsp;!<\/p>\n<p><span style=\"color: #888888;\"><img alt=\"\" loading=\"lazy\" decoding=\"async\" class=\"alignnone size-full wp-image-1747\" title=\"Stage Aikido Marseille 07\/2010 (Uchi Deshi \/ Ete \/ DVD)\" src=\"http:\/\/aikidoblog.net\/wp-content\/uploads\/1007-DToutain-france.jpg\" alt=\"\" width=\"478\" height=\"275\" \/><br \/>\nDaniel TOUTAIN &#8211; Stage Aikido d&rsquo;\u00e9t\u00e9 \u00e0 Marseille &#8211; 07\/2010<\/span><\/p>\n<p>Ce stage est organis\u00e9 par Serge LONG.<br \/>\nVoici les informations du stage et une galerie de photos des stages pr\u00e9c\u00e9dents&#8230;<br \/>\n<!--more--><\/p>\n<p><strong>08 Mai 2011 MARSEILLE- Luminy (FR)<\/strong><\/p>\n<p><strong>Stage avec Daniel TOUTAIN<br \/>\n<\/strong>El\u00e8ve de feu Maitre SAITO<br \/>\ninvit\u00e9 par Serge LONG.<\/p>\n<p><img loading=\"lazy\" decoding=\"async\" class=\"size-large wp-image-3884 alignnone\" title=\"2012-05-stage-aikido\" src=\"http:\/\/aikidoblog.net\/wp-content\/uploads\/2011\/11\/2012-05-stage-aikido-478x297.jpg\" alt=\"Stage Aikido\" width=\"478\" height=\"297\" \/><\/p>\n<p><strong>PROGRAMME<\/strong><\/p>\n<p style=\"padding-left: 30px;\"><strong>Samedi<\/strong><\/p>\n<p style=\"padding-left: 30px;\">15h30 accueil<br \/>\n16h00 -17h30 &#8211; Bukiwasa<br \/>\n17h30- 19h00 &#8211; Ta\u00ef jutsu<\/p>\n<p style=\"padding-left: 30px;\"><strong>Dimanche<\/strong> (SPECIAL TAI JUTSU)<\/p>\n<p style=\"padding-left: 30px;\">8h30 accueil<br \/>\n9h00-10h15 Ta\u00ef part 1<br \/>\n10h15-11h30 Ta\u00ef part 2<br \/>\n11h45-12h 30 cours Avanc\u00e9s<\/p>\n<p style=\"padding-left: 30px;\">12h30-13h30 pause repas (pique-nique \u00e0 pr\u00e9voir)<\/p>\n<p style=\"padding-left: 30px;\">13h30-14h45 Ta\u00ef part 3<br \/>\n14h45-16h00 Ta\u00ef part 4<\/p>\n<p><strong>PARTICIPATION<\/strong><\/p>\n<p style=\"padding-left: 30px;\">Tous niveaux:<br \/>\n&#8211; Samedi + Dimanche&nbsp;: 65\u20ac<br \/>\n&#8211; Samedi&nbsp;: 30\u20ac<br \/>\n&#8211; Dimanche&nbsp;: 50 \u20ac<br \/>\nSuppl\u00e9ment cours avanc\u00e9 (4e Kyu et plus) 10\u20ac<\/p>\n<p><strong>LIEU \/ PLAN D&rsquo;ACCES<\/strong><\/p>\n<p style=\"padding-left: 30px;\">Universit\u00e9 de Luminy<\/p>\n<p style=\"padding-left: 30px;\">Lieu:\u00a0<a href=\"http:\/\/sciences.univ-amu.fr\/sites-geographiques\/site-luminy\" target=\"_blank\">http:\/\/sciences.univ-amu.fr\/sites-geographiques\/site-luminy<\/a><br \/>\nou plus exactement:\u00a0<a href=\"http:\/\/tinyurl.com\/aikidojo-luminy\" target=\"_blank\">http:\/\/tinyurl.com\/aikidojo-luminy<\/a><\/p>\n<p><strong><span style=\"font-weight: normal;\"><strong>RENSEIGNEMENTS<\/strong><\/span><\/strong><\/p>\n<p style=\"padding-left: 30px;\">A\u00efki Dojo de Marseille<br \/>\n<a href=\"http:\/\/www.aikido-marseille.org\" target=\"_blank\">Aikido 3 Lucs<\/a><\/p>\n<p><strong>GALERIE PHOTOS&nbsp;: STAGES AIKIDO A MARSEILLE<\/strong><\/p>\n[nggallery id=13]\n<div><strong><br \/>\n<\/strong><\/div>\n","protected":false},"excerpt":{"rendered":"<p>D\u00e9cembre 2011: Stage r\u00e9gional AIKIDO avec Daniel TOUTAIN Sensei, \u00e9l\u00e8ve de feu Ma\u00eetre SAITO Morihiro !<\/p>\n","protected":false},"author":2,"featured_media":3884,"comment_status":"open","ping_status":"open","sticky":false,"template":"","format":"standard","meta":{"_acf_changed":false,"_seopress_robots_primary_cat":"","_seopress_titles_title":"","_seopress_titles_desc":"","_seopress_robots_index":"","generate_page_header":"","footnotes":""},"categories":[197],"tags":[39,86,109],"class_list":["post-3232","post","type-post","status-publish","format-standard","has-post-thumbnail","hentry","category-stages-calendrier","tag-dtoutain","tag-marseille","tag-slong","infinite-scroll-item","masonry-post","generate-columns","tablet-grid-50","mobile-grid-100","grid-parent","grid-50"],"acf":[],"_links":{"self":[{"href":"https:\/\/equilibreazur.fr\/azur\/wp-json\/wp\/v2\/posts\/3232","targetHints":{"allow":["GET"]}}],"collection":[{"href":"https:\/\/equilibreazur.fr\/azur\/wp-json\/wp\/v2\/posts"}],"about":[{"href":"https:\/\/equilibreazur.fr\/azur\/wp-json\/wp\/v2\/types\/post"}],"author":[{"embeddable":true,"href":"https:\/\/equilibreazur.fr\/azur\/wp-json\/wp\/v2\/users\/2"}],"replies":[{"embeddable":true,"href":"https:\/\/equilibreazur.fr\/azur\/wp-json\/wp\/v2\/comments?post=3232"}],"version-history":[{"count":3,"href":"https:\/\/equilibreazur.fr\/azur\/wp-json\/wp\/v2\/posts\/3232\/revisions"}],"predecessor-version":[{"id":6394,"href":"https:\/\/equilibreazur.fr\/azur\/wp-json\/wp\/v2\/posts\/3232\/revisions\/6394"}],"wp:featuredmedia":[{"embeddable":true,"href":"https:\/\/equilibreazur.fr\/azur\/wp-json\/"}],"wp:attachment":[{"href":"https:\/\/equilibreazur.fr\/azur\/wp-json\/wp\/v2\/media?parent=3232"}],"wp:term":[{"taxonomy":"category","embeddable":true,"href":"https:\/\/equilibreazur.fr\/azur\/wp-json\/wp\/v2\/categories?post=3232"},{"taxonomy":"post_tag","embeddable":true,"href":"https:\/\/equilibreazur.fr\/azur\/wp-json\/wp\/v2\/tags?post=3232"}],"curies":[{"name":"wp","href":"https:\/\/api.w.org\/{rel}","templated":true}]}}