{"id":3142,"date":"2011-10-23T12:32:55","date_gmt":"2011-10-23T12:32:55","guid":{"rendered":"http:\/\/aiki-dojo.fr\/?p=3142"},"modified":"2017-04-17T16:29:36","modified_gmt":"2017-04-17T16:29:36","slug":"2011-10-demo-aikido-forum-photos-video","status":"publish","type":"post","link":"https:\/\/equilibreazur.fr\/azur\/news\/2011-10-demo-aikido-forum-photos-video\/","title":{"rendered":"D\u00e9mo Aikido au forum des associations 2011&nbsp;: photos et video"},"content":{"rendered":"<p>Comme chaque ann\u00e9e, l&rsquo;association AIKI DOJO AZUR a tenu un stand au forum des associations organis\u00e9 par le communaut\u00e9s des communes de Chateauneuf de Grasse, Opio, Le Bar sur Loup et Le Rouret. Cette ann\u00e9e, elle a eu le\u00a0<a title=\"Rendez-vous le 11-Sept 2011 au Forum des Associations\" href=\"https:\/\/equilibreazur.fr\/azur\/news\/2011-09-forum-associations-rdv\/\">dimanche 09 septembre<\/a>.<\/p>\n<p><img loading=\"lazy\" decoding=\"async\" class=\"alignnone size-full wp-image-3148\" title=\"Aikido Kotegaeshi\" src=\"https:\/\/equilibreazur.fr\/azur\/wp-content\/uploads\/2011\/10\/2011-09-aikido-demo-opio-009.jpg\" alt=\"demonstration aikido 2011\" width=\"478\" height=\"319\" srcset=\"https:\/\/equilibreazur.fr\/azur\/wp-content\/uploads\/2011\/10\/2011-09-aikido-demo-opio-009.jpg 478w, https:\/\/equilibreazur.fr\/azur\/wp-content\/uploads\/2011\/10\/2011-09-aikido-demo-opio-009-370x247.jpg 370w, https:\/\/equilibreazur.fr\/azur\/wp-content\/uploads\/2011\/10\/2011-09-aikido-demo-opio-009-449x300.jpg 449w\" sizes=\"auto, (max-width: 478px) 100vw, 478px\" \/><\/p>\n<p>Voici l&rsquo;album photos qui ressort de cette journ\u00e9e&#8230;<\/p>\n<p><!--more-->[nggallery id=12]\n<p>&#8230;et une vid\u00e9o r\u00e9sumant&nbsp;\u00a0la d\u00e9monstration qui a eu lieu en public ce jour l\u00e0\u00a0:<\/p>\n<p><iframe loading=\"lazy\" width=\"1200\" height=\"675\" src=\"https:\/\/www.youtube.com\/embed\/yPAwR-N69NM?feature=oembed\" frameborder=\"0\" allowfullscreen><\/iframe><\/p>\n<p>Vous pouvez retrouver sur equilibreazur.fr\/azur\u00a0<a title=\"Toutes les vid\u00e9os d'Aikido\" href=\"https:\/\/equilibreazur.fr\/azur\/videos\/\">toutes les vid\u00e9os d&rsquo;aikido<\/a> r\u00e9alis\u00e9es par l&rsquo;association.<\/p>\n<p>Rendez-vous \u00e0 l&rsquo;ann\u00e9e prochaine pour le m\u00eame exercice&#8230; y participerez-vous\u00a0?!<\/p>\n","protected":false},"excerpt":{"rendered":"<p>Photos et vid\u00e9os d&rsquo;Aikido prises lors de la journ\u00e9e des associations \u00e0 c\u00f4t\u00e9 de Valbonne Sophia Antipolis, sur la commune d&rsquo;Opio.<\/p>\n","protected":false},"author":2,"featured_media":3148,"comment_status":"open","ping_status":"open","sticky":false,"template":"","format":"standard","meta":{"_acf_changed":false,"_seopress_robots_primary_cat":"","_seopress_titles_title":"","_seopress_titles_desc":"Photos et vid\u00e9os d&#039;Aikido prises lors de la journ\u00e9e des associations \u00e0 c\u00f4t\u00e9 de Valbonne Sophia Antipolis, sur la commune d&#039;Opio.","_seopress_robots_index":"","generate_page_header":"","footnotes":""},"categories":[142],"tags":[248,40,49,95,99,102,120],"class_list":["post-3142","post","type-post","status-publish","format-standard","has-post-thumbnail","hentry","category-news","tag-aikido","tag-demonstration","tag-forum-association-sport","tag-nice-grasse","tag-opio","tag-photo","tag-sophia-antipolis","infinite-scroll-item","masonry-post","generate-columns","tablet-grid-50","mobile-grid-100","grid-parent","grid-50"],"acf":[],"_links":{"self":[{"href":"https:\/\/equilibreazur.fr\/azur\/wp-json\/wp\/v2\/posts\/3142","targetHints":{"allow":["GET"]}}],"collection":[{"href":"https:\/\/equilibreazur.fr\/azur\/wp-json\/wp\/v2\/posts"}],"about":[{"href":"https:\/\/equilibreazur.fr\/azur\/wp-json\/wp\/v2\/types\/post"}],"author":[{"embeddable":true,"href":"https:\/\/equilibreazur.fr\/azur\/wp-json\/wp\/v2\/users\/2"}],"replies":[{"embeddable":true,"href":"https:\/\/equilibreazur.fr\/azur\/wp-json\/wp\/v2\/comments?post=3142"}],"version-history":[{"count":5,"href":"https:\/\/equilibreazur.fr\/azur\/wp-json\/wp\/v2\/posts\/3142\/revisions"}],"predecessor-version":[{"id":5916,"href":"https:\/\/equilibreazur.fr\/azur\/wp-json\/wp\/v2\/posts\/3142\/revisions\/5916"}],"wp:featuredmedia":[{"embeddable":true,"href":"https:\/\/equilibreazur.fr\/azur\/wp-json\/wp\/v2\/media\/3148"}],"wp:attachment":[{"href":"https:\/\/equilibreazur.fr\/azur\/wp-json\/wp\/v2\/media?parent=3142"}],"wp:term":[{"taxonomy":"category","embeddable":true,"href":"https:\/\/equilibreazur.fr\/azur\/wp-json\/wp\/v2\/categories?post=3142"},{"taxonomy":"post_tag","embeddable":true,"href":"https:\/\/equilibreazur.fr\/azur\/wp-json\/wp\/v2\/tags?post=3142"}],"curies":[{"name":"wp","href":"https:\/\/api.w.org\/{rel}","templated":true}]}}