{"id":2775,"date":"2011-09-08T12:08:40","date_gmt":"2011-09-08T12:08:40","guid":{"rendered":"http:\/\/aiki-dojo.fr\/?p=2775"},"modified":"2015-11-17T19:06:58","modified_gmt":"2015-11-17T19:06:58","slug":"2011-09-rentree","status":"publish","type":"post","link":"https:\/\/equilibreazur.fr\/azur\/news\/2011-09-rentree\/","title":{"rendered":"Reprise des cours \/ stages \/ forum 2011-2012"},"content":{"rendered":"<p>C&rsquo;est la rentr\u00e9e 2011-2012&nbsp;!<\/p>\n<h2>Forum des associations<\/h2>\n<p>Aiki Dojo Azur vous convie au <a title=\"Rendez-vous le 11-Sept 2011 au Forum des Associations\" href=\"https:\/\/equilibreazur.fr\/azur\/news\/2011-09-forum-associations-rdv\/\" target=\"_blank\">forum des associations 2011<\/a> ce <strong>dimanche 11 septembre<\/strong>. L&rsquo;association et ses membres tiendront un stand \u00e0 Opio toute la journ\u00e9e et feront une <strong>d\u00e9monstration d&rsquo;Aikido<\/strong>.<br \/>\nQuelques messages seront sans doute post\u00e9s sur le compte twitter d&rsquo;Aiki-dojo.fr au cours de la journ\u00e9e&#8230;<br \/>\n&#8230;\u00e0 suivre donc sur <a title=\"Twitter Aikido\" href=\"http:\/\/twitter.com\/#!\/aikidojo\" target=\"_blank\">http:\/\/twitter.com\/aikidojo<\/a> si vous ne pouvez pas nous rendre visite.<\/p>\n<p><img loading=\"lazy\" decoding=\"async\" class=\"alignnone size-full wp-image-2777\" title=\"Forum des associations - Le Rouret\" src=\"https:\/\/equilibreazur.fr\/azur\/wp-content\/uploads\/2011\/09\/2011-09-03-forum-association-le-rouret.jpg\" alt=\"Stand Aikido\" width=\"478\" height=\"275\" srcset=\"https:\/\/equilibreazur.fr\/azur\/wp-content\/uploads\/2011\/09\/2011-09-03-forum-association-le-rouret.jpg 478w, https:\/\/equilibreazur.fr\/azur\/wp-content\/uploads\/2011\/09\/2011-09-03-forum-association-le-rouret-370x213.jpg 370w\" sizes=\"auto, (max-width: 478px) 100vw, 478px\" \/><br \/>\n<span style=\"color: #888888;\">Forum des Associations (ici au Rouret)<\/span><\/p>\n<p>La d\u00e9monstration d&rsquo;Aikido *devrait* avoir lieu \u00e0 <strong>13h50<\/strong>.<br \/>\nNos confr\u00e8res de Bar sur Loup, le Club Azur\u00e9en d&rsquo;Aikido, seront \u00e9galement pr\u00e9sent et feront une d\u00e9monstration \u00e0 <strong>15h20<\/strong>.<\/p>\n<p>A voir&#8230;<\/p>\n<ul>\n<li>La <a title=\"Forum association\" href=\"http:\/\/web.archive.org\/web\/20110918021631\/http:\/\/www.mairie-opio.com:80\/spip\/spip.php?page=evenement&amp;id_article=249\" target=\"_blank\">page de la mairie d&rsquo;Opio<\/a> concernant l&rsquo;\u00e9v\u00e9nnement<\/li>\n<li>Le programme au format PDF<\/li>\n<li>Lieu <a title=\"Fetes du Sport \u00e0 Opio\" href=\"http:\/\/g.co\/maps\/7h69k\" target=\"_blank\">o\u00f9 se tiendra le forum<\/a><\/li>\n<\/ul>\n<h2>Reprise des cours<\/h2>\n<p>Les cours reprennent officiellement la semaine qui suit&#8230; 1er cours donc mardi \u00e0 <strong>Valbonne \/ Sophia Antipolis<\/strong>, puis jeudi \u00e0 Chateauneuf de Grasse, au coll\u00e8ge situ\u00e9 \u00e0 la limite entre <strong>Le Rouret et Chateauneuf<\/strong>.<br \/>\nToutes les informations concernant la rentr\u00e9e, les horaires, lieux et modalit\u00e9s d&rsquo;inscription&#8230;, vous attendent sur la page <a title=\"Aiki Dojo\" href=\"https:\/\/equilibreazur.fr\/azur\/\" target=\"_blank\">Aiki Dojo Azur<\/a><\/p>\n<h2>Stages d&rsquo;Aikido<\/h2>\n<p>Enfin, les stages de d\u00e9buts de saison sont list\u00e9s sur le <a title=\"Stages Aikido\" href=\"https:\/\/equilibreazur.fr\/azur\/stages-aikido\/\" target=\"_blank\">calendriers de stages<\/a>. Ne manquez pas en particulier le prochain <a title=\"Oct 2011&nbsp;: Stage D. TOUTAIN \u00e0 Grasse et Draguignan\" href=\"http:\/\/aikidoblog.net\/fr\/aikido\/event\/2011-10-stage-d-toutain-grasse\/\" target=\"_blank\">grand stage organis\u00e9 par Aiki Dojo Azur<\/a>, puisqu&rsquo;il sera dirig\u00e9 par <strong>Daniel TOUTAIN Sensei<\/strong> et aura lieu le <strong>Samedi 1er Octobre<\/strong> \u00e0 Chateauneuf de Grasse, et pourra se poursuivre le dimanche \u00e0 Draguignan.<br \/>\nR\u00e9servez donc les dates sur vos <a title=\"Stages Aikido\" href=\"https:\/\/equilibreazur.fr\/azur\/stages-aikido\/\" target=\"_blank\">calendriers de stages<\/a>&nbsp;!<\/p>\n<p><img alt=\"\" loading=\"lazy\" decoding=\"async\" class=\"alignnone size-full wp-image-2778\" title=\"2011-01-stage-aikido-dt\" src=\"https:\/\/equilibreazur.fr\/azur\/wp-content\/uploads\/2011\/09\/2011-01-stage-aikido-dt.jpg\" alt=\"\" width=\"478\" height=\"478\" srcset=\"https:\/\/equilibreazur.fr\/azur\/wp-content\/uploads\/2011\/09\/2011-01-stage-aikido-dt.jpg 478w, https:\/\/equilibreazur.fr\/azur\/wp-content\/uploads\/2011\/09\/2011-01-stage-aikido-dt-150x150.jpg 150w, https:\/\/equilibreazur.fr\/azur\/wp-content\/uploads\/2011\/09\/2011-01-stage-aikido-dt-370x370.jpg 370w, https:\/\/equilibreazur.fr\/azur\/wp-content\/uploads\/2011\/09\/2011-01-stage-aikido-dt-300x300.jpg 300w\" sizes=\"auto, (max-width: 478px) 100vw, 478px\" \/><br \/>\n<span style=\"color: #888888;\">Stage Aikido avec Daniel TOUTAIN Sensei<br \/>\nuke: e.savalli &#8211; photo: s.bravin<\/span><\/p>\n<p>A tr\u00e8s bient\u00f4t sur les tatamis&nbsp;!<\/p>\n","protected":false},"excerpt":{"rendered":"<p>C&rsquo;est la rentr\u00e9e 2011-2012 ! Aiki Dojo Azur vous convie au forum des associations ce dimanche 11 septembre. L&rsquo;association et ses membres tiendront un stand \u00e0 Opio toute la journ\u00e9e et feront une d\u00e9monstration d&rsquo;Aikido.<br \/>\nQuelques messages seront sans doute post\u00e9s sur le compte twitter d&rsquo;Aiki-dojo.fr au cours de la journ\u00e9e&#8230;<br \/>\n&#8230;\u00e0 suivre donc sur http:\/\/twitter.com\/aikidojo si vous ne pouvez pas nous rendre visite.<\/p>\n","protected":false},"author":2,"featured_media":2777,"comment_status":"open","ping_status":"open","sticky":false,"template":"","format":"standard","meta":{"_acf_changed":false,"_seopress_robots_primary_cat":"","_seopress_titles_title":"","_seopress_titles_desc":"Les cours reprennent officiellement mardi \u00e0 Valbonne \/ Sophia Antipolis, puis jeudi \u00e0 Chateauneuf de Grasse, au coll\u00e8ge situ\u00e9 \u00e0 la limite entre Le Rouret et Chateauneuf.","_seopress_robots_index":"","generate_page_header":"","footnotes":""},"categories":[142],"tags":[248,39,40,49,95],"class_list":["post-2775","post","type-post","status-publish","format-standard","has-post-thumbnail","hentry","category-news","tag-aikido","tag-dtoutain","tag-demonstration","tag-forum-association-sport","tag-nice-grasse","infinite-scroll-item","masonry-post","generate-columns","tablet-grid-50","mobile-grid-100","grid-parent","grid-50"],"acf":[],"_links":{"self":[{"href":"https:\/\/equilibreazur.fr\/azur\/wp-json\/wp\/v2\/posts\/2775","targetHints":{"allow":["GET"]}}],"collection":[{"href":"https:\/\/equilibreazur.fr\/azur\/wp-json\/wp\/v2\/posts"}],"about":[{"href":"https:\/\/equilibreazur.fr\/azur\/wp-json\/wp\/v2\/types\/post"}],"author":[{"embeddable":true,"href":"https:\/\/equilibreazur.fr\/azur\/wp-json\/wp\/v2\/users\/2"}],"replies":[{"embeddable":true,"href":"https:\/\/equilibreazur.fr\/azur\/wp-json\/wp\/v2\/comments?post=2775"}],"version-history":[{"count":6,"href":"https:\/\/equilibreazur.fr\/azur\/wp-json\/wp\/v2\/posts\/2775\/revisions"}],"predecessor-version":[{"id":6390,"href":"https:\/\/equilibreazur.fr\/azur\/wp-json\/wp\/v2\/posts\/2775\/revisions\/6390"}],"wp:featuredmedia":[{"embeddable":true,"href":"https:\/\/equilibreazur.fr\/azur\/wp-json\/wp\/v2\/media\/2777"}],"wp:attachment":[{"href":"https:\/\/equilibreazur.fr\/azur\/wp-json\/wp\/v2\/media?parent=2775"}],"wp:term":[{"taxonomy":"category","embeddable":true,"href":"https:\/\/equilibreazur.fr\/azur\/wp-json\/wp\/v2\/categories?post=2775"},{"taxonomy":"post_tag","embeddable":true,"href":"https:\/\/equilibreazur.fr\/azur\/wp-json\/wp\/v2\/tags?post=2775"}],"curies":[{"name":"wp","href":"https:\/\/api.w.org\/{rel}","templated":true}]}}