{"id":10789,"date":"2026-03-12T16:52:44","date_gmt":"2026-03-12T16:52:44","guid":{"rendered":"https:\/\/equilibreazur.fr\/azur\/?p=10789"},"modified":"2026-04-20T17:59:34","modified_gmt":"2026-04-20T17:59:34","slug":"2026-stage-olivier-eberhartd-nice","status":"publish","type":"post","link":"https:\/\/equilibreazur.fr\/azur\/news\/2026-stage-olivier-eberhartd-nice\/","title":{"rendered":"04\/2026 &#8211; 3e Stage&nbsp;\u00ab\u00a0AIKIDO Iwama Ryu\u00a0\u00bb avec Olivier Eberhardt en r\u00e9gion Ni\u00e7oise"},"content":{"rendered":"\n<p class=\"has-text-align-center\"><mark style=\"background-color:rgba(0, 0, 0, 0)\" class=\"has-inline-color has-vivid-red-color\"><\/mark><\/p>\n\n\n\n<h3 class=\"wp-block-heading has-text-align-center\">3\u00e8me stage avec<\/h3>\n\n\n\n<h1 class=\"wp-block-heading has-text-align-center\">OLIVIER EBERHARDT<\/h1>\n\n\n\n<h2 class=\"wp-block-heading has-text-align-center\">Chateauneuf de Grasse (06)<br>11-12 avril 2026<br><\/h2>\n\n\n\n<p class=\"has-text-align-center\">\u00c9ric Savalli et Aiki Dojo Azur ont le plaisir d&rsquo;organiser le 3eme stage avec <a href=\"https:\/\/www.oeberhardt.com\/\">Olivier EBERHARDT<\/a> sur la C\u00f4t\u00e9 d&rsquo;Azur<\/p>\n\n\n\n<p class=\"has-text-align-center\">Pratiquants d\u00e9butants ou avanc\u00e9s, <br>\u00e9l\u00e8ves ou enseignants, soyez les bienvenus pour ce stage.<br><br>Licenci\u00e9\u00b7e\u00b7s de toutes f\u00e9d\u00e9rations, vous \u00eates les bienvenu\u00b7e\u00b7s <br><br><\/p>\n\n\n\n<h2 class=\"wp-block-heading\">[Mise \u00e0 jour] Les photos&nbsp;\u00ab\u00a0Best-of\u00a0\u00bb du stage<\/h2>\n\n\n\n<figure class=\"wp-block-image size-large\"><img decoding=\"async\" src=\"https:\/\/equilibreazur.fr\/azur\/iGallery\/public\/Stages\/2026-04-Chateauneuf-Aikido-OEberhardt\/2026-04-Chateauneuf-Aikido-OEberhardt-260412130547.jpg\" alt=\"\"\/><\/figure>\n\n\n\n<br>\n    <div id=\"fgo-gallery-1\" \n         class=\"fgo-gallery fgo-layout-row\" \n         data-autoplay=\"0\" \n         data-interval=\"3000\"\n         data-max-per-row=\"5\"\n         data-max-per-row-mobile=\"2\"\n         data-max-height=\"150\"\n         data-gap=\"8\">\n                    <div class=\"fgo-page\" data-page=\"0\" style=\"\">\n                                    <img decoding=\"async\" loading=\"lazy\" \n                         src=\"https:\/\/equilibreazur.fr\/azur\/iGallery\/public\/Stages\/2026-04-Chateauneuf-Aikido-OEberhardt\/2026-04-Chateauneuf-Aikido-OEberhardt-260411094509.jpg\" \n                         data-index=\"0\" \n                         alt=\"Image 1\"\n                         role=\"button\"\n                         tabindex=\"0\">\n                                    <img decoding=\"async\" loading=\"lazy\" \n                         src=\"https:\/\/equilibreazur.fr\/azur\/iGallery\/public\/Stages\/2026-04-Chateauneuf-Aikido-OEberhardt\/2026-04-Chateauneuf-Aikido-OEberhardt-260411094518.jpg\" \n                         data-index=\"1\" \n                         alt=\"Image 2\"\n                         role=\"button\"\n                         tabindex=\"0\">\n                                    <img decoding=\"async\" loading=\"lazy\" \n                         src=\"https:\/\/equilibreazur.fr\/azur\/iGallery\/public\/Stages\/2026-04-Chateauneuf-Aikido-OEberhardt\/2026-04-Chateauneuf-Aikido-OEberhardt-260411095245.jpg\" \n                         data-index=\"2\" \n                         alt=\"Image 3\"\n                         role=\"button\"\n                         tabindex=\"0\">\n                                    <img decoding=\"async\" loading=\"lazy\" \n                         src=\"https:\/\/equilibreazur.fr\/azur\/iGallery\/public\/Stages\/2026-04-Chateauneuf-Aikido-OEberhardt\/2026-04-Chateauneuf-Aikido-OEberhardt-260411105600.jpg\" \n                         data-index=\"3\" \n                         alt=\"Image 4\"\n                         role=\"button\"\n                         tabindex=\"0\">\n                                    <img decoding=\"async\" loading=\"lazy\" \n                         src=\"https:\/\/equilibreazur.fr\/azur\/iGallery\/public\/Stages\/2026-04-Chateauneuf-Aikido-OEberhardt\/2026-04-Chateauneuf-Aikido-OEberhardt-260411114043.jpg\" \n                         data-index=\"4\" \n                         alt=\"Image 5\"\n                         role=\"button\"\n                         tabindex=\"0\">\n                                    <img decoding=\"async\" loading=\"lazy\" \n                         src=\"https:\/\/equilibreazur.fr\/azur\/iGallery\/public\/Stages\/2026-04-Chateauneuf-Aikido-OEberhardt\/2026-04-Chateauneuf-Aikido-OEberhardt-260411114050.jpg\" \n                         data-index=\"5\" \n                         alt=\"Image 6\"\n                         role=\"button\"\n                         tabindex=\"0\">\n                                    <img decoding=\"async\" loading=\"lazy\" \n                         src=\"https:\/\/equilibreazur.fr\/azur\/iGallery\/public\/Stages\/2026-04-Chateauneuf-Aikido-OEberhardt\/2026-04-Chateauneuf-Aikido-OEberhardt-260411122734.jpg\" \n                         data-index=\"6\" \n                         alt=\"Image 7\"\n                         role=\"button\"\n                         tabindex=\"0\">\n                                    <img decoding=\"async\" loading=\"lazy\" \n                         src=\"https:\/\/equilibreazur.fr\/azur\/iGallery\/public\/Stages\/2026-04-Chateauneuf-Aikido-OEberhardt\/2026-04-Chateauneuf-Aikido-OEberhardt-260411125220.jpg\" \n                         data-index=\"7\" \n                         alt=\"Image 8\"\n                         role=\"button\"\n                         tabindex=\"0\">\n                                    <img decoding=\"async\" loading=\"lazy\" \n                         src=\"https:\/\/equilibreazur.fr\/azur\/iGallery\/public\/Stages\/2026-04-Chateauneuf-Aikido-OEberhardt\/2026-04-Chateauneuf-Aikido-OEberhardt-260411130051.jpg\" \n                         data-index=\"8\" \n                         alt=\"Image 9\"\n                         role=\"button\"\n                         tabindex=\"0\">\n                                    <img decoding=\"async\" loading=\"lazy\" \n                         src=\"https:\/\/equilibreazur.fr\/azur\/iGallery\/public\/Stages\/2026-04-Chateauneuf-Aikido-OEberhardt\/2026-04-Chateauneuf-Aikido-OEberhardt-260412101238.jpg\" \n                         data-index=\"9\" \n                         alt=\"Image 10\"\n                         role=\"button\"\n                         tabindex=\"0\">\n                                    <img decoding=\"async\" loading=\"lazy\" \n                         src=\"https:\/\/equilibreazur.fr\/azur\/iGallery\/public\/Stages\/2026-04-Chateauneuf-Aikido-OEberhardt\/2026-04-Chateauneuf-Aikido-OEberhardt-260412104204.jpg\" \n                         data-index=\"10\" \n                         alt=\"Image 11\"\n                         role=\"button\"\n                         tabindex=\"0\">\n                                    <img decoding=\"async\" loading=\"lazy\" \n                         src=\"https:\/\/equilibreazur.fr\/azur\/iGallery\/public\/Stages\/2026-04-Chateauneuf-Aikido-OEberhardt\/2026-04-Chateauneuf-Aikido-OEberhardt-260412113932.jpg\" \n                         data-index=\"11\" \n                         alt=\"Image 12\"\n                         role=\"button\"\n                         tabindex=\"0\">\n                                    <img decoding=\"async\" loading=\"lazy\" \n                         src=\"https:\/\/equilibreazur.fr\/azur\/iGallery\/public\/Stages\/2026-04-Chateauneuf-Aikido-OEberhardt\/2026-04-Chateauneuf-Aikido-OEberhardt-260412115032.jpg\" \n                         data-index=\"12\" \n                         alt=\"Image 13\"\n                         role=\"button\"\n                         tabindex=\"0\">\n                                    <img decoding=\"async\" loading=\"lazy\" \n                         src=\"https:\/\/equilibreazur.fr\/azur\/iGallery\/public\/Stages\/2026-04-Chateauneuf-Aikido-OEberhardt\/2026-04-Chateauneuf-Aikido-OEberhardt-260412130547.jpg\" \n                         data-index=\"13\" \n                         alt=\"Image 14\"\n                         role=\"button\"\n                         tabindex=\"0\">\n                            <\/div>\n            <\/div>\n\n    <!-- \u2705 Viewer plein \u00e9cran avec tabindex pour focus clavier -->\n    <div class=\"fgo-viewer\" id=\"viewer-fgo-gallery-1\" data-gallery=\"fgo-gallery-1\" tabindex=\"-1\">\n        <span class=\"fgo-close\" role=\"button\" aria-label=\"Fermer\">&times;<\/span>\n        <span class=\"fgo-nav fgo-nav-prev\" role=\"button\" aria-label=\"Pr\u00e9c\u00e9dent\">\u2039<\/span>\n        <img decoding=\"async\" class=\"fgo-full\" src=\"\" alt=\"\">\n        <span class=\"fgo-nav fgo-nav-next\" role=\"button\" aria-label=\"Suivant\">\u203a<\/span>\n    <\/div>\n\n    <script>\n    (function() {\n        const galleryId = 'fgo-gallery-1';\n        const gallery = document.querySelector('#' + galleryId);\n        if (!gallery) return;\n        \n        const viewer = document.querySelector('#viewer-' + galleryId);\n        const full = viewer.querySelector('.fgo-full');\n        const closeBtn = viewer.querySelector('.fgo-close');\n        const prevBtn = viewer.querySelector('.fgo-nav-prev');\n        const nextBtn = viewer.querySelector('.fgo-nav-next');\n        const imgs = [...gallery.querySelectorAll('img')];\n        \n        let index = 0;\n        let active = false;\n\n        \/\/ \u2705 Appliquer les param\u00e8tres CSS\n        const maxPerRow = gallery.dataset.maxPerRow || '5';\n        const maxPerRowMobile = gallery.dataset.maxPerRowMobile || '2';\n        const maxHeight = gallery.dataset.maxHeight || '150';\n        const gap = gallery.dataset.gap || '8';\n\n        gallery.style.setProperty('--fgo-max-per-row', maxPerRow);\n        gallery.style.setProperty('--fgo-max-per-row-mobile', maxPerRowMobile);\n        gallery.style.setProperty('--fgo-max-height', maxHeight + 'px');\n        gallery.style.setProperty('--fgo-gap', gap + 'px');\n\n        function show(i) {\n            index = (i + imgs.length) % imgs.length;\n            full.src = imgs[index].src;\n            full.alt = imgs[index].alt;\n            viewer.classList.add('active');\n            active = true;\n            setTimeout(() => viewer.focus(), 10);\n        }\n\n        function close() {\n            viewer.classList.remove('active');\n            full.src = '';\n            active = false;\n        }\n\n        \/\/ \u2705 Navigation par clic sur les vignettes\n        imgs.forEach((img, i) => {\n            img.addEventListener('click', () => show(i));\n            img.addEventListener('keydown', (e) => {\n                if (e.key === 'Enter' || e.key === ' ') {\n                    e.preventDefault();\n                    show(i);\n                }\n            });\n        });\n\n        closeBtn.addEventListener('click', close);\n        prevBtn.addEventListener('click', () => show(index - 1));\n        nextBtn.addEventListener('click', () => show(index + 1));\n\n        \/\/ \u2705 Gestion clavier locale UNIQUEMENT quand ce viewer est actif\n        viewer.addEventListener('keydown', (e) => {\n            if (!active) return;\n            if (e.key === 'Escape') {\n                e.stopPropagation();\n                close();\n            } else if (e.key === 'ArrowLeft') {\n                e.stopPropagation();\n                show(index - 1);\n            } else if (e.key === 'ArrowRight') {\n                e.stopPropagation();\n                show(index + 1);\n            }\n        });\n\n        \/\/ \u2705 Fermeture par clic sur le fond\n        viewer.addEventListener('click', (e) => {\n            if (e.target === viewer) close();\n        });\n\n        \/\/ \u2705 Autoplay pagination\n        const autoplay = gallery.dataset.autoplay === '1';\n        const interval = parseInt(gallery.dataset.interval) || 3000;\n        const pages = gallery.querySelectorAll('.fgo-page');\n        let current = 0;\n        \n        if (autoplay && pages.length > 1) {\n            setInterval(() => {\n                pages[current].style.display = 'none';\n                current = (current + 1) % pages.length;\n                pages[current].style.display = '';\n            }, interval);\n        }\n    })();\n    <\/script>\n\n    <br>\n\n\n\n<p>Voir aussi \u2794 <a href=\"https:\/\/www.facebook.com\/media\/set\/?set=a.34439115139037715&amp;type=3\">Album Olivier Eberhardt &#8211; Nice 2026<\/a> sur Facebook.<\/p>\n\n\n\n<hr class=\"wp-block-separator has-alpha-channel-opacity\"\/>\n\n\n<div class=\"wp-block-image\">\n<figure class=\"aligncenter size-full is-resized\"><img alt=\"\" loading=\"lazy\" decoding=\"async\" width=\"860\" height=\"320\" src=\"https:\/\/equilibreazur.fr\/azur\/wp-content\/uploads\/2023\/10\/olivier-eberhardt-2.jpg\" alt=\"\" class=\"wp-image-9708\" style=\"aspect-ratio:16\/9;object-fit:cover;width:979px\" srcset=\"https:\/\/equilibreazur.fr\/azur\/wp-content\/uploads\/2023\/10\/olivier-eberhardt-2.jpg 860w, https:\/\/equilibreazur.fr\/azur\/wp-content\/uploads\/2023\/10\/olivier-eberhardt-2-370x138.jpg 370w, https:\/\/equilibreazur.fr\/azur\/wp-content\/uploads\/2023\/10\/olivier-eberhardt-2-738x275.jpg 738w\" sizes=\"auto, (max-width: 860px) 100vw, 860px\" \/><\/figure>\n<\/div>\n\n\n<p><strong>\ud83c\ude34<\/strong> <strong>AIKIDO DENTO IWAMA RYU<\/strong>&nbsp;: Aikido enseign\u00e9 par feu SAITO Sensei et son fils et successeur SAITO Hitohira Sensei<br>\u26e9 <strong>T\u00d4JUTSU<\/strong>&nbsp;: La pratique du katana de l&rsquo;\u00e9cole d&rsquo;A\u00efkido Iwama Ryu. Quand l&rsquo;arme devient le prolongement du corps.<\/p>\n\n\n\n\n\n\n\n<hr class=\"wp-block-separator has-alpha-channel-opacity\"\/>\n\n\n\n<div class=\"wp-block-columns are-vertically-aligned-top is-layout-flex wp-container-core-columns-is-layout-9d6595d7 wp-block-columns-is-layout-flex\">\n<div class=\"wp-block-column is-vertically-aligned-top is-layout-flow wp-block-column-is-layout-flow\">\n<h3 class=\"wp-block-heading\">PROGRAMME<\/h3>\n\n\n\n<p>\u25a0 Samedi<br><strong>09h30 &gt; 13h<\/strong> &#8211; Keiko 1, 2 et 3<br><br>\u25a0 Dimanche<br><strong>09h30 &gt; 13h<\/strong> &#8211; Keiko 4, 5 et 6<\/p>\n\n\n\n<p>Des pauses seront pr\u00e9vues<\/p>\n<\/div>\n\n\n\n<div class=\"wp-block-column is-layout-flow wp-block-column-is-layout-flow\">\n<h3 class=\"wp-block-heading\">PARTICIPATION<\/h3>\n\n\n\n<ul class=\"wp-block-list\">\n<li>40 \u20ac la 1\/2 journ\u00e9e<\/li>\n\n\n\n<li>60 \u20ac le week-end<\/li>\n<\/ul>\n\n\n\n<ul class=\"wp-block-list\">\n<li>R\u00e8glement sur place<\/li>\n\n\n\n<li>Inscription obligatoire<\/li>\n<\/ul>\n<\/div>\n\n\n\n<div class=\"wp-block-column is-vertically-aligned-top is-layout-flow wp-block-column-is-layout-flow\">\n<h3 class=\"wp-block-heading\">INFORMATIONS<\/h3>\n\n\n\n<p>Stage <strong>ouvert \u00e0 toutes et tous<\/strong>, quelle que soit votre f\u00e9d\u00e9ration.<br>Certificat d\u2019assurance ou licence obligatoire.<\/p>\n\n\n\n<p><strong>Stage pour tous niveaux<\/strong><\/p>\n\n\n\n<p>Pr\u00e9voir <strong>Ken, Jo, Tanto<\/strong> et <strong>chaussures de sport<\/strong> pour les pratiques hors tatamis (sur place, il est possible qu&rsquo;il n&rsquo;y ait pas assez de Ken\/Jo \u00e0 pr\u00eater pour tout le monde)<\/p>\n<\/div>\n<\/div>\n\n\n\n<h2 class=\"wp-block-heading\"><br>Lieu du stage<\/h2>\n\n\n\n<p><strong>Salle du&nbsp;\u00ab\u00a0bois de St Jeaume\u00a0\u00bb \/ GYMNASE COLLEGE LE ROURET \/ CHATEAUNEUF&nbsp;de GRASSE<\/strong><\/p>\n\n\n\n<p>Le stage aura lieu dans le nouveau dojo municipale au centre historique de Chateauneuf de Grasse.<br>Cette salle porte le nom&nbsp;\u00ab\u00a0Salle St Jeaume\u00a0\u00bb.<br>Les installations incluent vestiaires et douches. Un parking permet de garer les voitures.<\/p>\n\n\n\n<div class=\"wp-block-columns is-layout-flex wp-container-core-columns-is-layout-9d6595d7 wp-block-columns-is-layout-flex\">\n<div class=\"wp-block-column is-layout-flow wp-block-column-is-layout-flow\">\n<p><strong>Salle St Jeaume<\/strong><br>Salle du Bois de Saint Jeaume<br>Coll\u00e8ge du pr\u00e9 des roures<br>06650 CHATEAUNEUF \/ LE ROURET<\/p>\n\n\n\n<p>Latitude 43.6737, Longitude 6.9930<\/p>\n<\/div>\n\n\n\n<div class=\"wp-block-column is-layout-flow wp-block-column-is-layout-flow\">\n<p><strong>Armes en plein-air<\/strong><br>\ud83d\ude0e Pr\u00e9voyez des chaussures de sport en cas de pratique des armes en ext\u00e9rieur, sous les oliviers, si le temps le permet.<\/p>\n<\/div>\n<\/div>\n\n\n\n<iframe loading=\"lazy\" src=\"https:\/\/www.google.com\/maps\/d\/embed?mid=14pRdwo3tmZk8cOP4_MsynY5WO1o&#038;ehbc=2E312F\" width=\"710\" height=\"480\"><\/iframe>\n\n\n\n<div class=\"wp-block-buttons is-layout-flex wp-block-buttons-is-layout-flex\">\n<div class=\"wp-block-button\"><a class=\"wp-block-button__link has-contrast-color has-global-color-8-background-color has-text-color has-background has-link-color wp-element-button\">Plan d&rsquo;acc\u00e8s \/ \ud83c\uddec\ud83c\udde7 Map<\/a><\/div>\n<\/div>\n\n\n\n<p>Chateauneuf est situ\u00e9e au Sud Est de la FRANCE dans la r\u00e9gion Provence\u2013Alpes C\u00f4te d\u2019Azur (PACA) et \u00e0 40mn de l\u2019a\u00e9roport de Nice C\u00f4te d\u2019Azur (2eme a\u00e9roport de France, Navette NICE\/PARIS toutes les heures avec Air-France).<\/p>\n\n\n\n<figure class=\"wp-block-image size-large\"><img loading=\"lazy\" decoding=\"async\" width=\"738\" height=\"490\" src=\"https:\/\/equilibreazur.fr\/azur\/wp-content\/uploads\/2022\/03\/pexels-nathan-shingleton-7166574-738x490.jpg\" alt=\"French Riviera - PACA\" class=\"wp-image-9078\" srcset=\"https:\/\/equilibreazur.fr\/azur\/wp-content\/uploads\/2022\/03\/pexels-nathan-shingleton-7166574-738x490.jpg 738w, https:\/\/equilibreazur.fr\/azur\/wp-content\/uploads\/2022\/03\/pexels-nathan-shingleton-7166574-370x246.jpg 370w, https:\/\/equilibreazur.fr\/azur\/wp-content\/uploads\/2022\/03\/pexels-nathan-shingleton-7166574.jpg 1280w\" sizes=\"auto, (max-width: 738px) 100vw, 738px\" \/><figcaption class=\"wp-element-caption\">French Riviera &#8211; photo by Nathan Shingleton<\/figcaption><\/figure>\n\n\n\n<h2 class=\"wp-block-heading\">Acc\u00e8s&#8230;<\/h2>\n\n\n\n<div class=\"wp-block-columns is-layout-flex wp-container-core-columns-is-layout-9d6595d7 wp-block-columns-is-layout-flex\">\n<div class=\"wp-block-column is-layout-flow wp-block-column-is-layout-flow\">\n<p>\u2708\ufe0f <strong>Avion<\/strong> &#8211; A\u00e9roport de Nice<br><a href=\"https:\/\/www.nice.aeroport.fr\">https:\/\/www.nice.aeroport.fr<\/a><\/p>\n<\/div>\n\n\n\n<div class=\"wp-block-column is-layout-flow wp-block-column-is-layout-flow\">\n<p>\ud83d\ude82 <strong>Train<\/strong> &#8211; Gare d&rsquo;Antibes<br><a href=\"https:\/\/www.sncf-connect.com\/gares\/antibes\">https:\/\/www.sncf-connect.com\/gares\/antibes<\/a><\/p>\n<\/div>\n<\/div>\n\n\n\n<h3 class=\"wp-block-heading\">\u2935\ufe0f AFFICHE ET M\u00c9MO DU STAGE<\/h3>\n\n\n\n<figure class=\"wp-block-image size-full\"><img alt=\"\" loading=\"lazy\" decoding=\"async\" width=\"1832\" height=\"2560\" src=\"https:\/\/equilibreazur.fr\/azur\/wp-content\/uploads\/2026\/03\/2026-04-chateauneuf-stage-aikido-eberhartd-a4-0313-scaled.jpg\" alt=\"\" class=\"wp-image-10795\" srcset=\"https:\/\/equilibreazur.fr\/azur\/wp-content\/uploads\/2026\/03\/2026-04-chateauneuf-stage-aikido-eberhartd-a4-0313-scaled.jpg 1832w, https:\/\/equilibreazur.fr\/azur\/wp-content\/uploads\/2026\/03\/2026-04-chateauneuf-stage-aikido-eberhartd-a4-0313-265x370.jpg 265w, https:\/\/equilibreazur.fr\/azur\/wp-content\/uploads\/2026\/03\/2026-04-chateauneuf-stage-aikido-eberhartd-a4-0313-483x675.jpg 483w, https:\/\/equilibreazur.fr\/azur\/wp-content\/uploads\/2026\/03\/2026-04-chateauneuf-stage-aikido-eberhartd-a4-0313-1099x1536.jpg 1099w, https:\/\/equilibreazur.fr\/azur\/wp-content\/uploads\/2026\/03\/2026-04-chateauneuf-stage-aikido-eberhartd-a4-0313-1465x2048.jpg 1465w\" sizes=\"auto, (max-width: 1832px) 100vw, 1832px\" \/><\/figure>\n\n\n\n<h3 class=\"wp-block-heading\">GALERIE PHOTOS<\/h3>\n\n\n\n<figure class=\"wp-block-gallery has-nested-images columns-default is-cropped wp-block-gallery-1 is-layout-flex wp-block-gallery-is-layout-flex\">\n<figure class=\"wp-block-image size-large\"><img alt=\"\" loading=\"lazy\" decoding=\"async\" width=\"738\" height=\"492\" data-id=\"10055\" src=\"https:\/\/equilibreazur.fr\/azur\/wp-content\/uploads\/2024\/12\/2023-10-Chateauneuf-Aikido-OE-2023-10-29-17.27.08-eric-savalli-738x492.jpg\" alt=\"\" class=\"wp-image-10055\" srcset=\"https:\/\/equilibreazur.fr\/azur\/wp-content\/uploads\/2024\/12\/2023-10-Chateauneuf-Aikido-OE-2023-10-29-17.27.08-eric-savalli-738x492.jpg 738w, https:\/\/equilibreazur.fr\/azur\/wp-content\/uploads\/2024\/12\/2023-10-Chateauneuf-Aikido-OE-2023-10-29-17.27.08-eric-savalli-370x247.jpg 370w, https:\/\/equilibreazur.fr\/azur\/wp-content\/uploads\/2024\/12\/2023-10-Chateauneuf-Aikido-OE-2023-10-29-17.27.08-eric-savalli-1536x1024.jpg 1536w, https:\/\/equilibreazur.fr\/azur\/wp-content\/uploads\/2024\/12\/2023-10-Chateauneuf-Aikido-OE-2023-10-29-17.27.08-eric-savalli.jpg 1600w\" sizes=\"auto, (max-width: 738px) 100vw, 738px\" \/><\/figure>\n\n\n\n<figure class=\"wp-block-image size-large\"><img alt=\"\" loading=\"lazy\" decoding=\"async\" width=\"738\" height=\"492\" data-id=\"10069\" src=\"https:\/\/equilibreazur.fr\/azur\/wp-content\/uploads\/2024\/12\/2023-10-Chateauneuf-Aikido-OE-2023-10-29-22.48.26-eric-savalli-738x492.jpg\" alt=\"\" class=\"wp-image-10069\" srcset=\"https:\/\/equilibreazur.fr\/azur\/wp-content\/uploads\/2024\/12\/2023-10-Chateauneuf-Aikido-OE-2023-10-29-22.48.26-eric-savalli-738x492.jpg 738w, https:\/\/equilibreazur.fr\/azur\/wp-content\/uploads\/2024\/12\/2023-10-Chateauneuf-Aikido-OE-2023-10-29-22.48.26-eric-savalli-370x247.jpg 370w, https:\/\/equilibreazur.fr\/azur\/wp-content\/uploads\/2024\/12\/2023-10-Chateauneuf-Aikido-OE-2023-10-29-22.48.26-eric-savalli-1536x1024.jpg 1536w, https:\/\/equilibreazur.fr\/azur\/wp-content\/uploads\/2024\/12\/2023-10-Chateauneuf-Aikido-OE-2023-10-29-22.48.26-eric-savalli.jpg 1600w\" sizes=\"auto, (max-width: 738px) 100vw, 738px\" \/><\/figure>\n\n\n\n<figure class=\"wp-block-image size-large\"><img alt=\"\" loading=\"lazy\" decoding=\"async\" width=\"738\" height=\"415\" data-id=\"10067\" src=\"https:\/\/equilibreazur.fr\/azur\/wp-content\/uploads\/2024\/12\/2023-10-Chateauneuf-Aikido-OE-2023-10-29-21.31.20-eric-savalli-738x415.jpg\" alt=\"\" class=\"wp-image-10067\" srcset=\"https:\/\/equilibreazur.fr\/azur\/wp-content\/uploads\/2024\/12\/2023-10-Chateauneuf-Aikido-OE-2023-10-29-21.31.20-eric-savalli-738x415.jpg 738w, https:\/\/equilibreazur.fr\/azur\/wp-content\/uploads\/2024\/12\/2023-10-Chateauneuf-Aikido-OE-2023-10-29-21.31.20-eric-savalli-370x208.jpg 370w, https:\/\/equilibreazur.fr\/azur\/wp-content\/uploads\/2024\/12\/2023-10-Chateauneuf-Aikido-OE-2023-10-29-21.31.20-eric-savalli-1536x864.jpg 1536w, https:\/\/equilibreazur.fr\/azur\/wp-content\/uploads\/2024\/12\/2023-10-Chateauneuf-Aikido-OE-2023-10-29-21.31.20-eric-savalli.jpg 1600w\" sizes=\"auto, (max-width: 738px) 100vw, 738px\" \/><\/figure>\n\n\n\n<figure class=\"wp-block-image size-large\"><img alt=\"\" loading=\"lazy\" decoding=\"async\" width=\"738\" height=\"492\" data-id=\"10065\" src=\"https:\/\/equilibreazur.fr\/azur\/wp-content\/uploads\/2024\/12\/2023-10-Chateauneuf-Aikido-OE-2023-10-29-22.41.27-eric-savalli-738x492.jpg\" alt=\"\" class=\"wp-image-10065\" srcset=\"https:\/\/equilibreazur.fr\/azur\/wp-content\/uploads\/2024\/12\/2023-10-Chateauneuf-Aikido-OE-2023-10-29-22.41.27-eric-savalli-738x492.jpg 738w, https:\/\/equilibreazur.fr\/azur\/wp-content\/uploads\/2024\/12\/2023-10-Chateauneuf-Aikido-OE-2023-10-29-22.41.27-eric-savalli-370x247.jpg 370w, https:\/\/equilibreazur.fr\/azur\/wp-content\/uploads\/2024\/12\/2023-10-Chateauneuf-Aikido-OE-2023-10-29-22.41.27-eric-savalli-1536x1024.jpg 1536w, https:\/\/equilibreazur.fr\/azur\/wp-content\/uploads\/2024\/12\/2023-10-Chateauneuf-Aikido-OE-2023-10-29-22.41.27-eric-savalli.jpg 1600w\" sizes=\"auto, (max-width: 738px) 100vw, 738px\" \/><\/figure>\n\n\n\n<figure class=\"wp-block-image size-large\"><img alt=\"\" loading=\"lazy\" decoding=\"async\" width=\"738\" height=\"492\" data-id=\"10064\" src=\"https:\/\/equilibreazur.fr\/azur\/wp-content\/uploads\/2024\/12\/2023-10-Chateauneuf-Aikido-OE-2023-10-29-21.23.34-eric-savalli-738x492.jpg\" alt=\"\" class=\"wp-image-10064\" srcset=\"https:\/\/equilibreazur.fr\/azur\/wp-content\/uploads\/2024\/12\/2023-10-Chateauneuf-Aikido-OE-2023-10-29-21.23.34-eric-savalli-738x492.jpg 738w, https:\/\/equilibreazur.fr\/azur\/wp-content\/uploads\/2024\/12\/2023-10-Chateauneuf-Aikido-OE-2023-10-29-21.23.34-eric-savalli-370x247.jpg 370w, https:\/\/equilibreazur.fr\/azur\/wp-content\/uploads\/2024\/12\/2023-10-Chateauneuf-Aikido-OE-2023-10-29-21.23.34-eric-savalli-1536x1024.jpg 1536w, https:\/\/equilibreazur.fr\/azur\/wp-content\/uploads\/2024\/12\/2023-10-Chateauneuf-Aikido-OE-2023-10-29-21.23.34-eric-savalli.jpg 1600w\" sizes=\"auto, (max-width: 738px) 100vw, 738px\" \/><\/figure>\n\n\n\n<figure class=\"wp-block-image size-large\"><img alt=\"\" loading=\"lazy\" decoding=\"async\" width=\"738\" height=\"492\" data-id=\"10063\" src=\"https:\/\/equilibreazur.fr\/azur\/wp-content\/uploads\/2024\/12\/2023-10-Chateauneuf-Aikido-OE-2023-10-29-22.52.11-eric-savalli-738x492.jpg\" alt=\"\" class=\"wp-image-10063\" srcset=\"https:\/\/equilibreazur.fr\/azur\/wp-content\/uploads\/2024\/12\/2023-10-Chateauneuf-Aikido-OE-2023-10-29-22.52.11-eric-savalli-738x492.jpg 738w, https:\/\/equilibreazur.fr\/azur\/wp-content\/uploads\/2024\/12\/2023-10-Chateauneuf-Aikido-OE-2023-10-29-22.52.11-eric-savalli-370x247.jpg 370w, https:\/\/equilibreazur.fr\/azur\/wp-content\/uploads\/2024\/12\/2023-10-Chateauneuf-Aikido-OE-2023-10-29-22.52.11-eric-savalli-1536x1024.jpg 1536w, https:\/\/equilibreazur.fr\/azur\/wp-content\/uploads\/2024\/12\/2023-10-Chateauneuf-Aikido-OE-2023-10-29-22.52.11-eric-savalli.jpg 1600w\" sizes=\"auto, (max-width: 738px) 100vw, 738px\" \/><\/figure>\n\n\n\n<figure class=\"wp-block-image size-large\"><img alt=\"\" loading=\"lazy\" decoding=\"async\" width=\"738\" height=\"492\" data-id=\"10062\" src=\"https:\/\/equilibreazur.fr\/azur\/wp-content\/uploads\/2024\/12\/2023-10-Chateauneuf-Aikido-OE-2023-10-29-23.05.52-eric-savalli-738x492.jpg\" alt=\"\" class=\"wp-image-10062\" srcset=\"https:\/\/equilibreazur.fr\/azur\/wp-content\/uploads\/2024\/12\/2023-10-Chateauneuf-Aikido-OE-2023-10-29-23.05.52-eric-savalli-738x492.jpg 738w, https:\/\/equilibreazur.fr\/azur\/wp-content\/uploads\/2024\/12\/2023-10-Chateauneuf-Aikido-OE-2023-10-29-23.05.52-eric-savalli-370x247.jpg 370w, https:\/\/equilibreazur.fr\/azur\/wp-content\/uploads\/2024\/12\/2023-10-Chateauneuf-Aikido-OE-2023-10-29-23.05.52-eric-savalli-1536x1024.jpg 1536w, https:\/\/equilibreazur.fr\/azur\/wp-content\/uploads\/2024\/12\/2023-10-Chateauneuf-Aikido-OE-2023-10-29-23.05.52-eric-savalli.jpg 1600w\" sizes=\"auto, (max-width: 738px) 100vw, 738px\" \/><\/figure>\n\n\n\n<figure class=\"wp-block-image size-large\"><img alt=\"\" loading=\"lazy\" decoding=\"async\" width=\"738\" height=\"492\" data-id=\"10059\" src=\"https:\/\/equilibreazur.fr\/azur\/wp-content\/uploads\/2024\/12\/2023-10-Chateauneuf-Aikido-OE-2023-10-29-16.58.27-eric-savalli-738x492.jpg\" alt=\"\" class=\"wp-image-10059\" srcset=\"https:\/\/equilibreazur.fr\/azur\/wp-content\/uploads\/2024\/12\/2023-10-Chateauneuf-Aikido-OE-2023-10-29-16.58.27-eric-savalli-738x492.jpg 738w, https:\/\/equilibreazur.fr\/azur\/wp-content\/uploads\/2024\/12\/2023-10-Chateauneuf-Aikido-OE-2023-10-29-16.58.27-eric-savalli-370x247.jpg 370w, https:\/\/equilibreazur.fr\/azur\/wp-content\/uploads\/2024\/12\/2023-10-Chateauneuf-Aikido-OE-2023-10-29-16.58.27-eric-savalli-1536x1024.jpg 1536w, https:\/\/equilibreazur.fr\/azur\/wp-content\/uploads\/2024\/12\/2023-10-Chateauneuf-Aikido-OE-2023-10-29-16.58.27-eric-savalli.jpg 1600w\" sizes=\"auto, (max-width: 738px) 100vw, 738px\" \/><\/figure>\n\n\n\n<figure class=\"wp-block-image size-large\"><img alt=\"\" loading=\"lazy\" decoding=\"async\" width=\"738\" height=\"492\" data-id=\"10057\" src=\"https:\/\/equilibreazur.fr\/azur\/wp-content\/uploads\/2024\/12\/2023-10-Chateauneuf-Aikido-OE-2023-10-29-17.27.24-eric-savalli-738x492.jpg\" alt=\"\" class=\"wp-image-10057\" srcset=\"https:\/\/equilibreazur.fr\/azur\/wp-content\/uploads\/2024\/12\/2023-10-Chateauneuf-Aikido-OE-2023-10-29-17.27.24-eric-savalli-738x492.jpg 738w, https:\/\/equilibreazur.fr\/azur\/wp-content\/uploads\/2024\/12\/2023-10-Chateauneuf-Aikido-OE-2023-10-29-17.27.24-eric-savalli-370x247.jpg 370w, https:\/\/equilibreazur.fr\/azur\/wp-content\/uploads\/2024\/12\/2023-10-Chateauneuf-Aikido-OE-2023-10-29-17.27.24-eric-savalli-1536x1024.jpg 1536w, https:\/\/equilibreazur.fr\/azur\/wp-content\/uploads\/2024\/12\/2023-10-Chateauneuf-Aikido-OE-2023-10-29-17.27.24-eric-savalli.jpg 1600w\" sizes=\"auto, (max-width: 738px) 100vw, 738px\" \/><\/figure>\n\n\n\n<figure class=\"wp-block-image size-large\"><img alt=\"\" loading=\"lazy\" decoding=\"async\" width=\"738\" height=\"492\" data-id=\"10056\" src=\"https:\/\/equilibreazur.fr\/azur\/wp-content\/uploads\/2024\/12\/2023-10-Chateauneuf-Aikido-OE-2023-10-29-17.27.19-eric-savalli-738x492.jpg\" alt=\"\" class=\"wp-image-10056\" srcset=\"https:\/\/equilibreazur.fr\/azur\/wp-content\/uploads\/2024\/12\/2023-10-Chateauneuf-Aikido-OE-2023-10-29-17.27.19-eric-savalli-738x492.jpg 738w, https:\/\/equilibreazur.fr\/azur\/wp-content\/uploads\/2024\/12\/2023-10-Chateauneuf-Aikido-OE-2023-10-29-17.27.19-eric-savalli-370x247.jpg 370w, https:\/\/equilibreazur.fr\/azur\/wp-content\/uploads\/2024\/12\/2023-10-Chateauneuf-Aikido-OE-2023-10-29-17.27.19-eric-savalli-1536x1024.jpg 1536w, https:\/\/equilibreazur.fr\/azur\/wp-content\/uploads\/2024\/12\/2023-10-Chateauneuf-Aikido-OE-2023-10-29-17.27.19-eric-savalli.jpg 1600w\" sizes=\"auto, (max-width: 738px) 100vw, 738px\" \/><\/figure>\n\n\n\n<figure class=\"wp-block-image size-large\"><img alt=\"\" loading=\"lazy\" decoding=\"async\" width=\"738\" height=\"415\" data-id=\"10091\" src=\"https:\/\/equilibreazur.fr\/azur\/wp-content\/uploads\/2024\/12\/2025-01-Chateauneuf-Aikido-OEberhardt-2025-01-25-10.50.33-2-eric-savalli-738x415.jpg\" alt=\"\" class=\"wp-image-10091\" srcset=\"https:\/\/equilibreazur.fr\/azur\/wp-content\/uploads\/2024\/12\/2025-01-Chateauneuf-Aikido-OEberhardt-2025-01-25-10.50.33-2-eric-savalli-738x415.jpg 738w, https:\/\/equilibreazur.fr\/azur\/wp-content\/uploads\/2024\/12\/2025-01-Chateauneuf-Aikido-OEberhardt-2025-01-25-10.50.33-2-eric-savalli-370x208.jpg 370w, https:\/\/equilibreazur.fr\/azur\/wp-content\/uploads\/2024\/12\/2025-01-Chateauneuf-Aikido-OEberhardt-2025-01-25-10.50.33-2-eric-savalli-1536x864.jpg 1536w, https:\/\/equilibreazur.fr\/azur\/wp-content\/uploads\/2024\/12\/2025-01-Chateauneuf-Aikido-OEberhardt-2025-01-25-10.50.33-2-eric-savalli.jpg 1600w\" sizes=\"auto, (max-width: 738px) 100vw, 738px\" \/><\/figure>\n\n\n\n<figure class=\"wp-block-image size-large\"><img alt=\"\" loading=\"lazy\" decoding=\"async\" width=\"738\" height=\"415\" data-id=\"10092\" src=\"https:\/\/equilibreazur.fr\/azur\/wp-content\/uploads\/2024\/12\/2025-01-Chateauneuf-Aikido-OEberhardt-2025-01-26-11.06.24-44-eric-savalli-738x415.jpg\" alt=\"\" class=\"wp-image-10092\" srcset=\"https:\/\/equilibreazur.fr\/azur\/wp-content\/uploads\/2024\/12\/2025-01-Chateauneuf-Aikido-OEberhardt-2025-01-26-11.06.24-44-eric-savalli-738x415.jpg 738w, https:\/\/equilibreazur.fr\/azur\/wp-content\/uploads\/2024\/12\/2025-01-Chateauneuf-Aikido-OEberhardt-2025-01-26-11.06.24-44-eric-savalli-370x208.jpg 370w, https:\/\/equilibreazur.fr\/azur\/wp-content\/uploads\/2024\/12\/2025-01-Chateauneuf-Aikido-OEberhardt-2025-01-26-11.06.24-44-eric-savalli-1536x864.jpg 1536w, https:\/\/equilibreazur.fr\/azur\/wp-content\/uploads\/2024\/12\/2025-01-Chateauneuf-Aikido-OEberhardt-2025-01-26-11.06.24-44-eric-savalli.jpg 1600w\" sizes=\"auto, (max-width: 738px) 100vw, 738px\" \/><\/figure>\n\n\n\n<figure class=\"wp-block-image size-large\"><img alt=\"\" loading=\"lazy\" decoding=\"async\" width=\"738\" height=\"492\" data-id=\"10093\" src=\"https:\/\/equilibreazur.fr\/azur\/wp-content\/uploads\/2024\/12\/2025-01-Chateauneuf-Aikido-OEberhardt-2025-01-26-10.35.14-eric-savalli-738x492.jpg\" alt=\"\" class=\"wp-image-10093\" srcset=\"https:\/\/equilibreazur.fr\/azur\/wp-content\/uploads\/2024\/12\/2025-01-Chateauneuf-Aikido-OEberhardt-2025-01-26-10.35.14-eric-savalli-738x492.jpg 738w, https:\/\/equilibreazur.fr\/azur\/wp-content\/uploads\/2024\/12\/2025-01-Chateauneuf-Aikido-OEberhardt-2025-01-26-10.35.14-eric-savalli-370x247.jpg 370w, https:\/\/equilibreazur.fr\/azur\/wp-content\/uploads\/2024\/12\/2025-01-Chateauneuf-Aikido-OEberhardt-2025-01-26-10.35.14-eric-savalli-1536x1024.jpg 1536w, https:\/\/equilibreazur.fr\/azur\/wp-content\/uploads\/2024\/12\/2025-01-Chateauneuf-Aikido-OEberhardt-2025-01-26-10.35.14-eric-savalli.jpg 1600w\" sizes=\"auto, (max-width: 738px) 100vw, 738px\" \/><\/figure>\n\n\n\n<figure class=\"wp-block-image size-large\"><img alt=\"\" loading=\"lazy\" decoding=\"async\" width=\"738\" height=\"492\" data-id=\"10094\" src=\"https:\/\/equilibreazur.fr\/azur\/wp-content\/uploads\/2024\/12\/2025-01-Chateauneuf-Aikido-OEberhardt-2025-01-25-17.19.22-eric-savalli-738x492.jpg\" alt=\"\" class=\"wp-image-10094\" srcset=\"https:\/\/equilibreazur.fr\/azur\/wp-content\/uploads\/2024\/12\/2025-01-Chateauneuf-Aikido-OEberhardt-2025-01-25-17.19.22-eric-savalli-738x492.jpg 738w, https:\/\/equilibreazur.fr\/azur\/wp-content\/uploads\/2024\/12\/2025-01-Chateauneuf-Aikido-OEberhardt-2025-01-25-17.19.22-eric-savalli-370x247.jpg 370w, https:\/\/equilibreazur.fr\/azur\/wp-content\/uploads\/2024\/12\/2025-01-Chateauneuf-Aikido-OEberhardt-2025-01-25-17.19.22-eric-savalli-1536x1024.jpg 1536w, https:\/\/equilibreazur.fr\/azur\/wp-content\/uploads\/2024\/12\/2025-01-Chateauneuf-Aikido-OEberhardt-2025-01-25-17.19.22-eric-savalli.jpg 1600w\" sizes=\"auto, (max-width: 738px) 100vw, 738px\" \/><\/figure>\n\n\n\n<figure class=\"wp-block-image size-large\"><img alt=\"\" loading=\"lazy\" decoding=\"async\" width=\"738\" height=\"492\" data-id=\"10095\" src=\"https:\/\/equilibreazur.fr\/azur\/wp-content\/uploads\/2024\/12\/2025-01-Chateauneuf-Aikido-OEberhardt-2025-01-25-17.05.59-38-eric-savalli-738x492.jpg\" alt=\"\" class=\"wp-image-10095\" srcset=\"https:\/\/equilibreazur.fr\/azur\/wp-content\/uploads\/2024\/12\/2025-01-Chateauneuf-Aikido-OEberhardt-2025-01-25-17.05.59-38-eric-savalli-738x492.jpg 738w, https:\/\/equilibreazur.fr\/azur\/wp-content\/uploads\/2024\/12\/2025-01-Chateauneuf-Aikido-OEberhardt-2025-01-25-17.05.59-38-eric-savalli-370x247.jpg 370w, https:\/\/equilibreazur.fr\/azur\/wp-content\/uploads\/2024\/12\/2025-01-Chateauneuf-Aikido-OEberhardt-2025-01-25-17.05.59-38-eric-savalli-1536x1024.jpg 1536w, https:\/\/equilibreazur.fr\/azur\/wp-content\/uploads\/2024\/12\/2025-01-Chateauneuf-Aikido-OEberhardt-2025-01-25-17.05.59-38-eric-savalli.jpg 1600w\" sizes=\"auto, (max-width: 738px) 100vw, 738px\" \/><\/figure>\n\n\n\n<figure class=\"wp-block-image size-large\"><img alt=\"\" loading=\"lazy\" decoding=\"async\" width=\"738\" height=\"492\" data-id=\"10096\" src=\"https:\/\/equilibreazur.fr\/azur\/wp-content\/uploads\/2024\/12\/2025-01-Chateauneuf-Aikido-OEberhardt-2025-01-25-16.15.31-eric-savalli-738x492.jpg\" alt=\"\" class=\"wp-image-10096\" srcset=\"https:\/\/equilibreazur.fr\/azur\/wp-content\/uploads\/2024\/12\/2025-01-Chateauneuf-Aikido-OEberhardt-2025-01-25-16.15.31-eric-savalli-738x492.jpg 738w, https:\/\/equilibreazur.fr\/azur\/wp-content\/uploads\/2024\/12\/2025-01-Chateauneuf-Aikido-OEberhardt-2025-01-25-16.15.31-eric-savalli-370x247.jpg 370w, https:\/\/equilibreazur.fr\/azur\/wp-content\/uploads\/2024\/12\/2025-01-Chateauneuf-Aikido-OEberhardt-2025-01-25-16.15.31-eric-savalli-1536x1024.jpg 1536w, https:\/\/equilibreazur.fr\/azur\/wp-content\/uploads\/2024\/12\/2025-01-Chateauneuf-Aikido-OEberhardt-2025-01-25-16.15.31-eric-savalli.jpg 1600w\" sizes=\"auto, (max-width: 738px) 100vw, 738px\" \/><\/figure>\n\n\n\n<figure class=\"wp-block-image size-large\"><img alt=\"\" loading=\"lazy\" decoding=\"async\" width=\"675\" height=\"675\" data-id=\"10097\" src=\"https:\/\/equilibreazur.fr\/azur\/wp-content\/uploads\/2024\/12\/2025-01-Chateauneuf-Aikido-OEberhardt-2025-01-25-16.03.25-eric-savalli-675x675.jpg\" alt=\"\" class=\"wp-image-10097\" srcset=\"https:\/\/equilibreazur.fr\/azur\/wp-content\/uploads\/2024\/12\/2025-01-Chateauneuf-Aikido-OEberhardt-2025-01-25-16.03.25-eric-savalli-675x675.jpg 675w, https:\/\/equilibreazur.fr\/azur\/wp-content\/uploads\/2024\/12\/2025-01-Chateauneuf-Aikido-OEberhardt-2025-01-25-16.03.25-eric-savalli-370x370.jpg 370w, https:\/\/equilibreazur.fr\/azur\/wp-content\/uploads\/2024\/12\/2025-01-Chateauneuf-Aikido-OEberhardt-2025-01-25-16.03.25-eric-savalli-200x200.jpg 200w, https:\/\/equilibreazur.fr\/azur\/wp-content\/uploads\/2024\/12\/2025-01-Chateauneuf-Aikido-OEberhardt-2025-01-25-16.03.25-eric-savalli-1536x1536.jpg 1536w, https:\/\/equilibreazur.fr\/azur\/wp-content\/uploads\/2024\/12\/2025-01-Chateauneuf-Aikido-OEberhardt-2025-01-25-16.03.25-eric-savalli.jpg 1600w\" sizes=\"auto, (max-width: 675px) 100vw, 675px\" \/><\/figure>\n\n\n\n<figure class=\"wp-block-image size-large\"><img alt=\"\" loading=\"lazy\" decoding=\"async\" width=\"738\" height=\"492\" data-id=\"10098\" src=\"https:\/\/equilibreazur.fr\/azur\/wp-content\/uploads\/2024\/12\/2025-01-Chateauneuf-Aikido-OEberhardt-2025-01-25-15.27.57-eric-savalli-738x492.jpg\" alt=\"\" class=\"wp-image-10098\" srcset=\"https:\/\/equilibreazur.fr\/azur\/wp-content\/uploads\/2024\/12\/2025-01-Chateauneuf-Aikido-OEberhardt-2025-01-25-15.27.57-eric-savalli-738x492.jpg 738w, https:\/\/equilibreazur.fr\/azur\/wp-content\/uploads\/2024\/12\/2025-01-Chateauneuf-Aikido-OEberhardt-2025-01-25-15.27.57-eric-savalli-370x247.jpg 370w, https:\/\/equilibreazur.fr\/azur\/wp-content\/uploads\/2024\/12\/2025-01-Chateauneuf-Aikido-OEberhardt-2025-01-25-15.27.57-eric-savalli-1536x1024.jpg 1536w, https:\/\/equilibreazur.fr\/azur\/wp-content\/uploads\/2024\/12\/2025-01-Chateauneuf-Aikido-OEberhardt-2025-01-25-15.27.57-eric-savalli.jpg 1600w\" sizes=\"auto, (max-width: 738px) 100vw, 738px\" \/><\/figure>\n<\/figure>\n\n\n\n<h3 class=\"wp-block-heading\">PLUS D&rsquo;INFOS<\/h3>\n\n\n\n<div class=\"wp-block-columns is-layout-flex wp-container-core-columns-is-layout-9d6595d7 wp-block-columns-is-layout-flex\">\n<div class=\"wp-block-column is-layout-flow wp-block-column-is-layout-flow\">\n<p>Attention,&nbsp;<strong>ces informations peuvent \u00e9voluer<\/strong>&nbsp;!<br>\u25a0 Merci de revenir consulter cette page. <br>\u25a0 Pensez \u00e0 vous inscrire \u00e0 notre lettre d&rsquo;information.<br>\u25a0 Contacter l&rsquo;organisateur afin de vous r\u00e9server votre place et vous inscrire.<\/p>\n<\/div>\n\n\n\n<div class=\"wp-block-column is-layout-flow wp-block-column-is-layout-flow\">\nAiki Dojo Azur<br \/><a class=\"ss_screenshot_link\" href = \"https:\/\/equilibreazur.fr\/azur\/aikido-dojo\/\"><img decoding=\"async\" class=\"ss_screenshot_img\" alt=\"https:\/\/equilibreazur.fr\/azur\/aikido-dojo\/\" width=\"330\" src=\"http:\/\/s.wordpress.com\/mshots\/v1\/https%3A%2F%2Fequilibreazur.fr%2Fazur%2Faikido-dojo%2F?w=330\" \/><\/a>\n<\/div>\n<\/div>\n\n\n\n\n\n\n\n<hr class=\"wp-block-separator has-alpha-channel-opacity\"\/>\n\n\n\n<h2 class=\"wp-block-heading\">Stages de la saison (Aiki Dojo Azur)<\/h2>\n\n\n\n<table width=\"100%\"><tr height=90 valign='top'><td width=30%><a href=\"https:\/\/equilibreazur.fr\/azur\/stages-calendrier\/2025-10-stage-aikido\/\" title=\"1er Stage&nbsp;\u00ab\u00a0Aikika\u00ef &#8211; DIRAF\u00a0\u00bb &#8211; 26 Octobre 2025\">26\/10\/2025<\/a><br \/>(Dim)<\/td><td width=45%>Gymnase LE ROURET<br \/><strong>Stage FFAB+DIRAF<\/strong><br \/><a href=\"https:\/\/equilibreazur.fr\/azur\/stages-calendrier\/2025-10-stage-aikido\/\" title=\"1er Stage&nbsp;\u00ab\u00a0Aikika\u00ef &#8211; DIRAF\u00a0\u00bb &#8211; 26 Octobre 2025\">Plus d'info...<\/a><\/td><td width=25%>\u2605 Anne-Laure Gaillard \/ Eric SAVALLI<\/td><\/td><tr height=90 valign='top'><td width=30%><a href=\"https:\/\/equilibreazur.fr\/azur\/stages-calendrier\/2025-12-aikido-iwama-ryu-seminar\/\" title=\"2025-12&nbsp;: Grand stage national Aikido &#8211; Nice \/ Chateauneuf\">13\/12\/2025<\/a><br \/>(sam+dim)<\/td><td width=45%>\u2605 FRANCE - NICE\/GRASSE<br \/><strong>Stage International Exceptionnel<\/strong><br \/><a href=\"https:\/\/equilibreazur.fr\/azur\/stages-calendrier\/2025-12-aikido-iwama-ryu-seminar\/\" title=\"2025-12&nbsp;: Grand stage national Aikido &#8211; Nice \/ Chateauneuf\">Plus d'info...<\/a><\/td><td width=25%><strong>V. HOCWALD<\/strong><\/td><\/td><tr height=90 valign='top'><td width=30%><a href=\"https:\/\/equilibreazur.fr\/azur\/stages-calendrier\/2026-01-stage-aikido\/\" title=\"Stage Aikido&nbsp;\u00ab\u00a0mediterranean friendship seminar\u00a0\u00bb &#8211; 25 Jan 2026\">25\/01\/2026<\/a><br \/>(Dim)<\/td><td width=45%>Gymnase LE ROURET<br \/><strong>Stage \"Friendship\" <\/strong><br \/><a href=\"https:\/\/equilibreazur.fr\/azur\/stages-calendrier\/2026-01-stage-aikido\/\" title=\"Stage Aikido&nbsp;\u00ab\u00a0mediterranean friendship seminar\u00a0\u00bb &#8211; 25 Jan 2026\">Plus d'info...<\/a><\/td><td width=25%>Fabio RAMAZZIN \/ Serge LONG \/ Eric SAVALLI<\/td><\/td><tr height=90 valign='top'><td width=30%><a href=\"https:\/\/equilibreazur.fr\/azur\/news\/2026-03-stage-aikido-kitsune-aikidojo\/\" title=\"3e stage aikido &#8211; kitsune-aikidojo &#8211; Prades &#8211; 07-08 mars 2026\">07\/03\/2026<\/a><br \/>(Sam+Dimanche)<\/td><td width=45%>\u2605 PRADES (66) -ANNUL\u00c9-<br \/><strong>Stage exceptionnel \u2694\ufe0f -ANNUL\u00c9-<\/strong><br \/><a href=\"https:\/\/equilibreazur.fr\/azur\/news\/2026-03-stage-aikido-kitsune-aikidojo\/\" title=\"3e stage aikido &#8211; kitsune-aikidojo &#8211; Prades &#8211; 07-08 mars 2026\">Plus d'info...<\/a><\/td><td width=25%>Eric SAVALLI<\/td><\/td><tr height=90 valign='top'><td width=30%><a href=\"https:\/\/equilibreazur.fr\/azur\/stages-calendrier\/2026-03-aikido-seminar-aboglio-nizza\/\" title=\"Stage Aikido&nbsp;\u00ab\u00a0Alberto Boglio Shihan\u00a0\u00bb &#8211; 22 Mars 2026\">22\/03\/2026<\/a><br \/>(Dim)<\/td><td width=45%>\u2605 FRANCE - NICE\/GRASSE<br \/><strong>Stage international exceptionnel<\/strong><br \/><a href=\"https:\/\/equilibreazur.fr\/azur\/stages-calendrier\/2026-03-aikido-seminar-aboglio-nizza\/\" title=\"Stage Aikido&nbsp;\u00ab\u00a0Alberto Boglio Shihan\u00a0\u00bb &#8211; 22 Mars 2026\">Plus d'info...<\/a><\/td><td width=25%><strong>Alberto BOGLIO<\/strong><\/td><\/td><tr height=90 valign='top'><td width=30%><a href=\"https:\/\/equilibreazur.fr\/azur\/news\/2026-stage-olivier-eberhartd-nice\/\" title=\"04\/2026 &#8211; 3e Stage&nbsp;\u00ab\u00a0AIKIDO Iwama Ryu\u00a0\u00bb avec Olivier Eberhardt en r\u00e9gion Ni\u00e7oise\">11\/04\/2026<\/a><br \/>(Sam+Dim)<\/td><td width=45%>CHATEAUNEUF (06)<br \/><strong>Stage annuel<\/strong><br \/><a href=\"https:\/\/equilibreazur.fr\/azur\/news\/2026-stage-olivier-eberhartd-nice\/\" title=\"04\/2026 &#8211; 3e Stage&nbsp;\u00ab\u00a0AIKIDO Iwama Ryu\u00a0\u00bb avec Olivier Eberhardt en r\u00e9gion Ni\u00e7oise\">Plus d'info...<\/a><\/td><td width=25%><strong>O. EBERHARDT<\/strong><\/td><\/td><\/table>\n\n\n\n<figure class=\"wp-block-image size-large\"><img alt=\"\" loading=\"lazy\" decoding=\"async\" width=\"738\" height=\"590\" src=\"https:\/\/equilibreazur.fr\/azur\/wp-content\/uploads\/2025\/12\/2016-06-19-11.47.18-shomen-738x590.jpg\" alt=\"\" class=\"wp-image-10738\" srcset=\"https:\/\/equilibreazur.fr\/azur\/wp-content\/uploads\/2025\/12\/2016-06-19-11.47.18-shomen-738x590.jpg 738w, https:\/\/equilibreazur.fr\/azur\/wp-content\/uploads\/2025\/12\/2016-06-19-11.47.18-shomen-370x296.jpg 370w, https:\/\/equilibreazur.fr\/azur\/wp-content\/uploads\/2025\/12\/2016-06-19-11.47.18-shomen-1536x1229.jpg 1536w, https:\/\/equilibreazur.fr\/azur\/wp-content\/uploads\/2025\/12\/2016-06-19-11.47.18-shomen.jpg 1600w\" sizes=\"auto, (max-width: 738px) 100vw, 738px\" \/><\/figure>\n\n\n\n<p><\/p>\n","protected":false},"excerpt":{"rendered":"<p>2eme stage Aikido dirig\u00e9 par Olivier Eberhardt Sensei, \u00e9l\u00e8ve de SAITO Hitohira Kaicho, sur la C\u00f4te d&rsquo;Azur &#8211; Stage organis\u00e9 par Aiki Dojo Azur &#8211; Eric Savalli<\/p>\n","protected":false},"author":2,"featured_media":10794,"comment_status":"open","ping_status":"open","sticky":false,"template":"","format":"standard","meta":{"_acf_changed":false,"_seopress_robots_primary_cat":"none","_seopress_titles_title":"","_seopress_titles_desc":"3eme stage Aikido dirig\u00e9 par Olivier Eberhardt, \u00e9l\u00e8ve de SAITO Hitohira Sensei, sur la C\u00f4te d'Azur - Stage organis\u00e9 par Aiki Dojo Azur - Eric Savalli","_seopress_robots_index":"","generate_page_header":"","footnotes":""},"categories":[142,197,200],"tags":[248,281,204],"class_list":["post-10789","post","type-post","status-publish","format-standard","has-post-thumbnail","hentry","category-news","category-stages-calendrier","category-stages-saison","tag-aikido","tag-olivier-eberhardt","tag-stage","infinite-scroll-item","masonry-post","generate-columns","tablet-grid-50","mobile-grid-100","grid-parent","grid-50"],"acf":[],"_links":{"self":[{"href":"https:\/\/equilibreazur.fr\/azur\/wp-json\/wp\/v2\/posts\/10789","targetHints":{"allow":["GET"]}}],"collection":[{"href":"https:\/\/equilibreazur.fr\/azur\/wp-json\/wp\/v2\/posts"}],"about":[{"href":"https:\/\/equilibreazur.fr\/azur\/wp-json\/wp\/v2\/types\/post"}],"author":[{"embeddable":true,"href":"https:\/\/equilibreazur.fr\/azur\/wp-json\/wp\/v2\/users\/2"}],"replies":[{"embeddable":true,"href":"https:\/\/equilibreazur.fr\/azur\/wp-json\/wp\/v2\/comments?post=10789"}],"version-history":[{"count":6,"href":"https:\/\/equilibreazur.fr\/azur\/wp-json\/wp\/v2\/posts\/10789\/revisions"}],"predecessor-version":[{"id":10861,"href":"https:\/\/equilibreazur.fr\/azur\/wp-json\/wp\/v2\/posts\/10789\/revisions\/10861"}],"wp:featuredmedia":[{"embeddable":true,"href":"https:\/\/equilibreazur.fr\/azur\/wp-json\/wp\/v2\/media\/10794"}],"wp:attachment":[{"href":"https:\/\/equilibreazur.fr\/azur\/wp-json\/wp\/v2\/media?parent=10789"}],"wp:term":[{"taxonomy":"category","embeddable":true,"href":"https:\/\/equilibreazur.fr\/azur\/wp-json\/wp\/v2\/categories?post=10789"},{"taxonomy":"post_tag","embeddable":true,"href":"https:\/\/equilibreazur.fr\/azur\/wp-json\/wp\/v2\/tags?post=10789"}],"curies":[{"name":"wp","href":"https:\/\/api.w.org\/{rel}","templated":true}]}}